{"id":21351,"date":"2023-02-16T14:50:33","date_gmt":"2023-02-16T14:50:33","guid":{"rendered":"http:\/\/cueroamerica.info\/wpnews\/?p=21351"},"modified":"2023-02-16T16:31:08","modified_gmt":"2023-02-16T16:31:08","slug":"europa-prepara-impuestos-a-ciertos-productos-hechos-con-materiales-no-reciclados","status":"publish","type":"post","link":"http:\/\/cueroamerica.info\/wpnews\/2023\/02\/europa-prepara-impuestos-a-ciertos-productos-hechos-con-materiales-no-reciclados\/","title":{"rendered":"Europa prepara impuestos a ciertos productos hechos con materiales no reciclados"},"content":{"rendered":"<p><a href=\"http:\/\/cueroamerica.info\/wpnews\/wp-content\/uploads\/2023\/02\/Calzado-_2-.jpg\"><img loading=\"lazy\" decoding=\"async\" class=\"alignleft wp-image-21357 \" src=\"http:\/\/cueroamerica.info\/wpnews\/wp-content\/uploads\/2023\/02\/Calzado-_2-.jpg\" alt=\"\" width=\"188\" height=\"188\" srcset=\"http:\/\/cueroamerica.info\/wpnews\/wp-content\/uploads\/2023\/02\/Calzado-_2-.jpg 225w, http:\/\/cueroamerica.info\/wpnews\/wp-content\/uploads\/2023\/02\/Calzado-_2--150x150.jpg 150w, http:\/\/cueroamerica.info\/wpnews\/wp-content\/uploads\/2023\/02\/Calzado-_2--90x90.jpg 90w\" sizes=\"auto, (max-width: 188px) 100vw, 188px\" \/><\/a>En un paso m\u00e1s hacia la disminuci\u00f3n de residuos, la Uni\u00f3n Europea prepara una serie de medidas para estimular el consumo de productos ecoamigables, especialmente la reutilizaci\u00f3n de materiales. Por esto se propone que los art\u00edculos textiles elaborados sin material reciclado pagar\u00edan un impuesto extra.<\/p>\n<p>Los Estados Miembros de la Uni\u00f3n Europea se proponen reforzar las medidas legislativas que promueven el consumo responsable. La propuesta consta de tres puntos: otorgar nuevos incentivos para dise\u00f1ar productos f\u00e1ciles de reciclar, fortalecer los objetivos de reciclaje y un impuesto extra a los productos nuevos que no contenga material reciclado.<\/p>\n<p>Con esta carga tributaria, que encarece el precio de los art\u00edculos nuevos, la UE busca que los productos hechos con material reciclado se vuelvan m\u00e1s competitivos. Esta propuesta sale a la luz poco despu\u00e9s que Bruselas admitiera que el reciclaje de pl\u00e1sticos, biorresiduos, maderas, textiles y material de construcci\u00f3n no est\u00e1 funcionando como debiera. Asimismo, que las pol\u00edticas de reciclado s\u00f3lo son efectivas en materiales como aluminio, papel o vidrio.<\/p>\n<div id=\"attachment_21354\" style=\"width: 255px\" class=\"wp-caption alignright\"><a href=\"http:\/\/cueroamerica.info\/wpnews\/wp-content\/uploads\/2023\/02\/Ursula-von-der-Leyen-presidenta-de-la-Comision-Europea.-_5-.jpg\"><img loading=\"lazy\" decoding=\"async\" aria-describedby=\"caption-attachment-21354\" class=\" wp-image-21354\" src=\"http:\/\/cueroamerica.info\/wpnews\/wp-content\/uploads\/2023\/02\/Ursula-von-der-Leyen-presidenta-de-la-Comision-Europea.-_5--300x169.jpg\" alt=\"\" width=\"245\" height=\"138\" srcset=\"http:\/\/cueroamerica.info\/wpnews\/wp-content\/uploads\/2023\/02\/Ursula-von-der-Leyen-presidenta-de-la-Comision-Europea.-_5--300x169.jpg 300w, http:\/\/cueroamerica.info\/wpnews\/wp-content\/uploads\/2023\/02\/Ursula-von-der-Leyen-presidenta-de-la-Comision-Europea.-_5-.jpg 768w\" sizes=\"auto, (max-width: 245px) 100vw, 245px\" \/><\/a><p id=\"caption-attachment-21354\" class=\"wp-caption-text\">Ursula von der Leyen, presidenta de la Comisi\u00f3n Europea.<\/p><\/div>\n<p>En el comunicado, la UE se\u00f1al\u00f3 que \u201cseg\u00fan una evaluaci\u00f3n de la Agencia Europea de Medio Ambiente (EEE), de los ocho reciclables m\u00e1s comunes, solo el aluminio, el papel y el vidrio tienen mercados secundarios que funcionan bien\u201d. Para el organismo supranacional, \u201clas ambiciones de Europa para una econom\u00eda circular requieren el suministro oportuno de materias primas recicladas de buena calidad a los fabricantes\u201d.<\/p>\n<p>\u201cLa falta de estandarizaci\u00f3n y la competencia con los nuevos materiales se encuentran entre los desaf\u00edos para otros mercados, como la madera y los textiles\u201d a\u00f1ade el documento.<br \/>\n&#8212;&#8212;&#8212;&#8212;&#8212;&#8212;&#8212;&#8212;&#8212;&#8212;&#8212;&#8212;&#8212;&#8212;&#8211;<br \/>\nLibre Mercado \/ CueroAm\u00e9rica<\/p>\n<p>&#8212;&#8212;&#8212;&#8212;&#8212;&#8212;&#8212;&#8212;&#8212;&#8212;&#8212;&#8212;&#8212;&#8212;&#8212;&#8211;<br \/>\nPara comunicarse con CueroAm\u00e9rica: <span style=\"color: #3366ff;\"><a style=\"color: #3366ff;\" href=\"mailto:contacto@cueroamerica.com\">contacto@cueroamerica.com<\/a><\/span><\/p>\n<table>\n<tbody>\n<tr>\n<td width=\"300\">\n<div align=\"center\"><a href=\"http:\/\/bit.ly\/2pK7Osm\" target=\"_blank\" rel=\"noopener\"><img loading=\"lazy\" decoding=\"async\" class=\"aligncenter\" src=\"\/img\/publicidad\/aviso-units2020.gif\" alt=\"\" width=\"300\" height=\"201\" border=\"0\" \/><\/a><\/div>\n<\/td>\n<td width=\"171\">\n<div align=\"center\"><a href=\"https:\/\/www.smitzoon.com\/en\/renewability\/?utm_source=cuero-america&amp;utm_medium=banner&amp;utm_campaign=renewability\" target=\"_blank\" rel=\"noopener\"><img loading=\"lazy\" decoding=\"async\" class=\"aligncenter\" src=\"\/img\/publicidad\/2023\/300x200-sz2023.jpg\" alt=\"\" width=\"300\" height=\"200\" border=\"0\" \/><\/a><\/div>\n<\/td>\n<\/tr>\n<\/tbody>\n<\/table>\n","protected":false},"excerpt":{"rendered":"<p>En un paso m\u00e1s hacia la disminuci\u00f3n de residuos, la Uni\u00f3n Europea prepara una serie de medidas para estimular el consumo de productos ecoamigables, especialmente la reutilizaci\u00f3n de materiales. Por esto se propone que los art\u00edculos textiles elaborados sin material reciclado pagar\u00edan un impuesto extra. Los Estados Miembros de la Uni\u00f3n Europea se proponen reforzar [&hellip;]<\/p>\n","protected":false},"author":4,"featured_media":0,"comment_status":"closed","ping_status":"closed","sticky":false,"template":"","format":"standard","meta":{"footnotes":""},"categories":[59,63],"tags":[],"class_list":["post-21351","post","type-post","status-publish","format-standard","hentry","category-medio-ambiente","category-noticias-de-europa","count-0","even alt","author-","last"],"_links":{"self":[{"href":"http:\/\/cueroamerica.info\/wpnews\/wp-json\/wp\/v2\/posts\/21351","targetHints":{"allow":["GET"]}}],"collection":[{"href":"http:\/\/cueroamerica.info\/wpnews\/wp-json\/wp\/v2\/posts"}],"about":[{"href":"http:\/\/cueroamerica.info\/wpnews\/wp-json\/wp\/v2\/types\/post"}],"author":[{"embeddable":true,"href":"http:\/\/cueroamerica.info\/wpnews\/wp-json\/wp\/v2\/users\/4"}],"replies":[{"embeddable":true,"href":"http:\/\/cueroamerica.info\/wpnews\/wp-json\/wp\/v2\/comments?post=21351"}],"version-history":[{"count":2,"href":"http:\/\/cueroamerica.info\/wpnews\/wp-json\/wp\/v2\/posts\/21351\/revisions"}],"predecessor-version":[{"id":21358,"href":"http:\/\/cueroamerica.info\/wpnews\/wp-json\/wp\/v2\/posts\/21351\/revisions\/21358"}],"wp:attachment":[{"href":"http:\/\/cueroamerica.info\/wpnews\/wp-json\/wp\/v2\/media?parent=21351"}],"wp:term":[{"taxonomy":"category","embeddable":true,"href":"http:\/\/cueroamerica.info\/wpnews\/wp-json\/wp\/v2\/categories?post=21351"},{"taxonomy":"post_tag","embeddable":true,"href":"http:\/\/cueroamerica.info\/wpnews\/wp-json\/wp\/v2\/tags?post=21351"}],"curies":[{"name":"wp","href":"https:\/\/api.w.org\/{rel}","templated":true}]}}