{"id":21473,"date":"2023-03-22T17:03:31","date_gmt":"2023-03-22T17:03:31","guid":{"rendered":"http:\/\/cueroamerica.info\/wpnews\/?p=21473"},"modified":"2023-03-22T17:03:31","modified_gmt":"2023-03-22T17:03:31","slug":"fimec-brindo-dias-intensos-de-novedades-negocios-y-contactos-para-la-industria","status":"publish","type":"post","link":"http:\/\/cueroamerica.info\/wpnews\/2023\/03\/fimec-brindo-dias-intensos-de-novedades-negocios-y-contactos-para-la-industria\/","title":{"rendered":"FIMEC brind\u00f3 d\u00edas intensos de novedades, negocios y contactos para la industria"},"content":{"rendered":"<p><a href=\"http:\/\/cueroamerica.info\/wpnews\/wp-content\/uploads\/2023\/03\/Fimec-2023-1a.jpg\"><img loading=\"lazy\" decoding=\"async\" class=\"alignleft wp-image-21470\" src=\"http:\/\/cueroamerica.info\/wpnews\/wp-content\/uploads\/2023\/03\/Fimec-2023-1a-300x200.jpg\" alt=\"\" width=\"248\" height=\"165\" srcset=\"http:\/\/cueroamerica.info\/wpnews\/wp-content\/uploads\/2023\/03\/Fimec-2023-1a-300x200.jpg 300w, http:\/\/cueroamerica.info\/wpnews\/wp-content\/uploads\/2023\/03\/Fimec-2023-1a-1024x682.jpg 1024w, http:\/\/cueroamerica.info\/wpnews\/wp-content\/uploads\/2023\/03\/Fimec-2023-1a-768x512.jpg 768w, http:\/\/cueroamerica.info\/wpnews\/wp-content\/uploads\/2023\/03\/Fimec-2023-1a.jpg 1400w\" sizes=\"auto, (max-width: 248px) 100vw, 248px\" \/><\/a>La gran feria brasilera Fimec (Feria Internacional de Cueros, Productos Qu\u00edmicos, Componentes, M\u00e1quinas y Equipamientos para Calzados y Curtiembres) cerr\u00f3 con un excelente balance. Sus organizadores destacaron la presencia de m\u00e1s de 20.000 profesionales, con una importante proporci\u00f3n de Am\u00e9rica Latina. Los visitantes y compradores fueron al sal\u00f3n de Novo Hamburgo en busca de tendencias e innovaciones en cueros y pieles, productos qu\u00edmicos, componentes, servicios, m\u00e1quinas y tecnolog\u00eda<\/p>\n<p>Con una elevada participaci\u00f3n extranjera, la Fimec se reafirm\u00f3 como feria internacional, siendo se\u00f1alada como la mejor edici\u00f3n de los \u00faltimos a\u00f1os. \u00abPara m\u00ed, esta es la mejor Fimec desde que participo. Como estoy en la feria desde 1985, \u00e9sta ha sido sin duda la mejor feria desde hace al menos 10 a\u00f1os. Y eso concuerda con los relatos que escuch\u00e9 de varias personas que estuvieron aqu\u00ed\u00bb, afirm\u00f3 el director general de Fenac, Marcio Jung. Para \u00e9l, la Fimec de este a\u00f1o ha cumplido su papel. \u00abEl objetivo de una feria fue ampliamente conquistado en Fimec 2023, conectando visitantes que necesitan proveedores con expositores que entregan esto a los profesionales. Fue una feria llena de tomadores de decisi\u00f3n y, por lo tanto, aqu\u00ed se hicieron negocios\u00bb, agreg\u00f3 Jung.<\/p>\n<p><a href=\"http:\/\/cueroamerica.info\/wpnews\/wp-content\/uploads\/2023\/03\/Fimec-2023-3a.jpg\"><img loading=\"lazy\" decoding=\"async\" class=\" wp-image-21471 alignright\" src=\"http:\/\/cueroamerica.info\/wpnews\/wp-content\/uploads\/2023\/03\/Fimec-2023-3a-300x200.jpg\" alt=\"\" width=\"246\" height=\"164\" srcset=\"http:\/\/cueroamerica.info\/wpnews\/wp-content\/uploads\/2023\/03\/Fimec-2023-3a-300x200.jpg 300w, http:\/\/cueroamerica.info\/wpnews\/wp-content\/uploads\/2023\/03\/Fimec-2023-3a-1024x682.jpg 1024w, http:\/\/cueroamerica.info\/wpnews\/wp-content\/uploads\/2023\/03\/Fimec-2023-3a-768x512.jpg 768w, http:\/\/cueroamerica.info\/wpnews\/wp-content\/uploads\/2023\/03\/Fimec-2023-3a.jpg 1400w\" sizes=\"auto, (max-width: 246px) 100vw, 246px\" \/><\/a>Para el CEO, la emoci\u00f3n y el entusiasmo de los participantes se percib\u00edan en los pasillos de la feria. \u00abLa edici\u00f3n 2023 entreg\u00f3 mucho debido a dos factores que trabajamos para conquistar, pero aun as\u00ed sorprendieron: una incre\u00edble visitaci\u00f3n de p\u00fablico comprador extranjero y la presencia de las grandes curtiembres brasile\u00f1as\u00bb, evalu\u00f3. Para \u00e9l, la proyecci\u00f3n para el pr\u00f3ximo a\u00f1o es a\u00fan mejor. \u00abEl \u00e9xito de esta edici\u00f3n me hace creer, con absoluta convicci\u00f3n, que la Fimec 2024 ser\u00e1 una de las mayores ferias de todos los tiempos\u00bb, proyect\u00f3 Jung.<\/p>\n<p>La edici\u00f3n de 2024 \u2013 La 47\u00aa edici\u00f3n de Fimec (Feria Internacional del Cuero, Productos Qu\u00edmicos, Componentes, Maquinaria y Equipamientos para el Calzado y Tener\u00edas) est\u00e1 prevista del 12 al 14 de marzo, en su tradicional espacio de Fenac, en Novo Hamburgo\/RS.<\/p>\n<p>Los expositores celebran unos resultados mejores de lo esperado<br \/>\nEn esta edici\u00f3n, la Fimec reuni\u00f3 m\u00e1s de 350 expositores, totalizando 10 mil m\u00b2 de \u00e1rea de exposici\u00f3n. Entre las empresas presentes estuvo Componarte, que celebr\u00f3 los resultados positivos. \u00abLa Fimec es una feria muy buena, siempre venimos con entusiasmo. Esta edici\u00f3n 2023 super\u00f3 totalmente nuestras expectativas, ya que tuvimos muchos visitantes, nuestro stand estuvo siempre lleno\u00bb, afirm\u00f3 Mariane Fumagalli, dise\u00f1adora de la marca. Con presencia ya confirmada en la pr\u00f3xima edici\u00f3n, la marca pretende ampliar el espacio. \u00abEstar en la Fimec nos permite abrir nuevas puertas, conocer nuevos clientes, as\u00ed como mostrar nuestra colecci\u00f3n y contribuir a que el cliente tenga una visi\u00f3n diferenciada de la empresa\u00bb, a\u00f1adi\u00f3 Mariane.<\/p>\n<p>Otra marca satisfecha con los resultados de esta edici\u00f3n ha sido Injeplan. \u00abEsta edici\u00f3n fue mucho m\u00e1s positiva que la del a\u00f1o pasado. Parece que el mercado se est\u00e1 calentando de nuevo, porque el movimiento fue mucho mayor y la gente estaba realmente interesada en nuevos productos y negocios\u00bb, se\u00f1al\u00f3 Marina de Moraes Clemes, directora comercial de la empresa. Adem\u00e1s, destac\u00f3 el networking que proporcion\u00f3 la feria. \u00abHicimos muchos contactos nuevos para exportar, incluso a pa\u00edses como Bolivia y Per\u00fa. Para nosotros es fundamental ampliar el mercado, porque como no tenemos mucha representaci\u00f3n en otros estados, aqu\u00ed llegamos a lugares donde no tenemos representantes\u00bb, explic\u00f3 Marina, afirmando que la marca ya renov\u00f3 su participaci\u00f3n para 2024. \u00abEstamos evaluando un stand m\u00e1s grande, porque este ya nos queda apretado\u00bb, detall\u00f3.<\/p>\n<p><a href=\"http:\/\/cueroamerica.info\/wpnews\/wp-content\/uploads\/2023\/03\/Fimec-2023-4a.jpg\"><img loading=\"lazy\" decoding=\"async\" class=\"alignleft wp-image-21472\" src=\"http:\/\/cueroamerica.info\/wpnews\/wp-content\/uploads\/2023\/03\/Fimec-2023-4a-300x200.jpg\" alt=\"\" width=\"249\" height=\"166\" srcset=\"http:\/\/cueroamerica.info\/wpnews\/wp-content\/uploads\/2023\/03\/Fimec-2023-4a-300x200.jpg 300w, http:\/\/cueroamerica.info\/wpnews\/wp-content\/uploads\/2023\/03\/Fimec-2023-4a-1024x682.jpg 1024w, http:\/\/cueroamerica.info\/wpnews\/wp-content\/uploads\/2023\/03\/Fimec-2023-4a-768x512.jpg 768w, http:\/\/cueroamerica.info\/wpnews\/wp-content\/uploads\/2023\/03\/Fimec-2023-4a.jpg 1400w\" sizes=\"auto, (max-width: 249px) 100vw, 249px\" \/><\/a>La satisfacci\u00f3n de los expositores tambi\u00e9n se aprecia en los \u00edndices de renovaci\u00f3n para la feria de 2024. Fenac proyecta que el 90% de los expositores garanticen espacio para el pr\u00f3ximo a\u00f1o. \u00abAdem\u00e1s de esta renovaci\u00f3n, proyectamos que la Fimec 2024 crecer\u00e1 20% en \u00e1rea vendida\u00bb, anticip\u00f3 Jung.<\/p>\n<p>Edici\u00f3n marcada de visitas de extranjeros<br \/>\nEste a\u00f1o, adem\u00e1s de visitantes de diferentes estados brasile\u00f1os, la Fimec atrajo a profesionales de otros 36 pa\u00edses:, Argentina, Austria, Bangladesh, Ben\u00edn, Bolivia, Burkina Faso, Camer\u00fan, Chile, China, Colombia, Egipto, Ecuador, Espa\u00f1a, EE.UU., Etiop\u00eda, Ghana, Gran Breta\u00f1a, Guatemala, Guinea, India, Ir\u00e1n, Mauritania, M\u00e9xico, Nigeria, Palestina, Pakist\u00e1n, Paraguay, Per\u00fa, Kenia, Rep\u00fablica Democr\u00e1tica del Congo, Rep\u00fablica Dominicana, Senegal, Somalia, Uruguay, Sud\u00e1frica y Venezuela.<\/p>\n<p>Para Sergio Coti, de la empresa Procesos Modernos El Sol de Guatemala, que visit\u00f3 la feria el \u00faltimo d\u00eda, la b\u00fasqueda fue de novedades. \u00abTrabajamos con curtiembres y nos interesa conocer algunos equipos para nuestra empresa, porque necesitamos mucha tecnolog\u00eda y aqu\u00ed encontramos eso: m\u00e1quinas muy modernas con la \u00faltima tecnolog\u00eda del mercado\u00bb, dijo el profesional, que visit\u00f3 la feria por tercera edici\u00f3n. \u00abDefinitivamente vamos a venir a Fimec 2024\u00bb, anticip\u00f3 Coti.<\/p>\n<p>Acerca de la 46\u00aa Fimec: un evento de Fenac Experiences Connect, que fue presentado por Sicredi Pioneira y cont\u00f3 con el patrocinio de Covestro, Transduarte, Henkel y Formas Kunz. La feria tambi\u00e9n cont\u00f3 con el apoyo de Abical\u00e7ados, Abiacav, Abqtic, Abrameq, ACI-NH\/CB\/EV, Aicsul, Assintecal, CICB, Fiergs, IBTeC, Sebrae\/RS y SITERGS. Fimec 2023 tuvo lugar del 7 al 9 de marzo, en Fenac, en Novo Hamburgo\/RS (Brasil).<br \/>\n&#8212;&#8212;&#8212;&#8212;&#8212;&#8212;&#8212;&#8212;&#8212;&#8212;&#8212;&#8211;<br \/>\nFIMEC \/ CueroAm\u00e9rica<\/p>\n<p>&#8212;&#8212;&#8212;&#8212;&#8212;&#8212;&#8212;&#8212;&#8212;&#8212;&#8212;&#8212;&#8212;&#8212;&#8212;&#8211;<br \/>\nPara comunicarse con CueroAm\u00e9rica: <span style=\"color: #3366ff;\"><a style=\"color: #3366ff;\" href=\"mailto:contacto@cueroamerica.com\">contacto@cueroamerica.com<\/a><\/span><\/p>\n<table>\n<tbody>\n<tr>\n<td width=\"300\">\n<div align=\"center\"><a href=\"http:\/\/bit.ly\/2q2HjkA\" target=\"_blank\" rel=\"noopener\"><img loading=\"lazy\" decoding=\"async\" class=\"aligncenter\" src=\"\/img\/publicidad\/banner_jn-082016.gif\" width=\"300\" height=\"200\" \/><\/a><\/div>\n<\/td>\n<td width=\"171\">\n<div align=\"center\"><a href=\"https:\/\/www.aplf.com\/aplf-dubai-2023\/\" target=\"_blank\" rel=\"noopener\"><img loading=\"lazy\" decoding=\"async\" class=\"aligncenter\" src=\"\/img\/publicidad\/2023\/mat_2023-03-300x200px.gif\" width=\"300\" height=\"200\" \/><\/a><\/div>\n<\/td>\n<\/tr>\n<\/tbody>\n<\/table>\n","protected":false},"excerpt":{"rendered":"<p>La gran feria brasilera Fimec (Feria Internacional de Cueros, Productos Qu\u00edmicos, Componentes, M\u00e1quinas y Equipamientos para Calzados y Curtiembres) cerr\u00f3 con un excelente balance. Sus organizadores destacaron la presencia de m\u00e1s de 20.000 profesionales, con una importante proporci\u00f3n de Am\u00e9rica Latina. Los visitantes y compradores fueron al sal\u00f3n de Novo Hamburgo en busca de tendencias [&hellip;]<\/p>\n","protected":false},"author":4,"featured_media":0,"comment_status":"closed","ping_status":"closed","sticky":false,"template":"","format":"standard","meta":{"footnotes":""},"categories":[66],"tags":[],"class_list":["post-21473","post","type-post","status-publish","format-standard","hentry","category-ferias-realizadas","count-0","even alt","author-","last"],"_links":{"self":[{"href":"http:\/\/cueroamerica.info\/wpnews\/wp-json\/wp\/v2\/posts\/21473","targetHints":{"allow":["GET"]}}],"collection":[{"href":"http:\/\/cueroamerica.info\/wpnews\/wp-json\/wp\/v2\/posts"}],"about":[{"href":"http:\/\/cueroamerica.info\/wpnews\/wp-json\/wp\/v2\/types\/post"}],"author":[{"embeddable":true,"href":"http:\/\/cueroamerica.info\/wpnews\/wp-json\/wp\/v2\/users\/4"}],"replies":[{"embeddable":true,"href":"http:\/\/cueroamerica.info\/wpnews\/wp-json\/wp\/v2\/comments?post=21473"}],"version-history":[{"count":1,"href":"http:\/\/cueroamerica.info\/wpnews\/wp-json\/wp\/v2\/posts\/21473\/revisions"}],"predecessor-version":[{"id":21474,"href":"http:\/\/cueroamerica.info\/wpnews\/wp-json\/wp\/v2\/posts\/21473\/revisions\/21474"}],"wp:attachment":[{"href":"http:\/\/cueroamerica.info\/wpnews\/wp-json\/wp\/v2\/media?parent=21473"}],"wp:term":[{"taxonomy":"category","embeddable":true,"href":"http:\/\/cueroamerica.info\/wpnews\/wp-json\/wp\/v2\/categories?post=21473"},{"taxonomy":"post_tag","embeddable":true,"href":"http:\/\/cueroamerica.info\/wpnews\/wp-json\/wp\/v2\/tags?post=21473"}],"curies":[{"name":"wp","href":"https:\/\/api.w.org\/{rel}","templated":true}]}}