{"id":21548,"date":"2023-04-04T13:28:13","date_gmt":"2023-04-04T13:28:13","guid":{"rendered":"http:\/\/cueroamerica.info\/wpnews\/?p=21548"},"modified":"2023-04-04T13:28:13","modified_gmt":"2023-04-04T13:28:13","slug":"80-representantes-del-sector-tclf-firman-la-declaracion-de-bucarest-sobre-sostenibilidad","status":"publish","type":"post","link":"http:\/\/cueroamerica.info\/wpnews\/2023\/04\/80-representantes-del-sector-tclf-firman-la-declaracion-de-bucarest-sobre-sostenibilidad\/","title":{"rendered":"80 representantes del sector TCLF firman la Declaraci\u00f3n de Bucarest sobre sostenibilidad"},"content":{"rendered":"<div id=\"attachment_21531\" style=\"width: 256px\" class=\"wp-caption alignleft\"><a href=\"http:\/\/cueroamerica.info\/wpnews\/wp-content\/uploads\/2023\/04\/Reunion-plenaria-en-la-ciudad-de-Bucarest-Rumania.-.jpg.jpg\"><img loading=\"lazy\" decoding=\"async\" aria-describedby=\"caption-attachment-21531\" class=\" wp-image-21531\" src=\"http:\/\/cueroamerica.info\/wpnews\/wp-content\/uploads\/2023\/04\/Reunion-plenaria-en-la-ciudad-de-Bucarest-Rumania.-.jpg-300x146.jpg\" alt=\"\" width=\"246\" height=\"120\" srcset=\"http:\/\/cueroamerica.info\/wpnews\/wp-content\/uploads\/2023\/04\/Reunion-plenaria-en-la-ciudad-de-Bucarest-Rumania.-.jpg-300x146.jpg 300w, http:\/\/cueroamerica.info\/wpnews\/wp-content\/uploads\/2023\/04\/Reunion-plenaria-en-la-ciudad-de-Bucarest-Rumania.-.jpg-1024x498.jpg 1024w, http:\/\/cueroamerica.info\/wpnews\/wp-content\/uploads\/2023\/04\/Reunion-plenaria-en-la-ciudad-de-Bucarest-Rumania.-.jpg-768x373.jpg 768w, http:\/\/cueroamerica.info\/wpnews\/wp-content\/uploads\/2023\/04\/Reunion-plenaria-en-la-ciudad-de-Bucarest-Rumania.-.jpg-1536x746.jpg 1536w, http:\/\/cueroamerica.info\/wpnews\/wp-content\/uploads\/2023\/04\/Reunion-plenaria-en-la-ciudad-de-Bucarest-Rumania.-.jpg.jpg 2048w\" sizes=\"auto, (max-width: 246px) 100vw, 246px\" \/><\/a><p id=\"caption-attachment-21531\" class=\"wp-caption-text\">Reuni\u00f3n plenaria en la ciudad de Bucarest, Rumania.<\/p><\/div>\n<p>A finales del mes pasado, representantes del sector TCLF (textil, ropa, cuero y calzado) se comprometieron a apoyar las industrias sostenibles y competitivas del sudeste Europeo. La iniciativa incluye tambi\u00e9n mejorar las condiciones de trabajo.<\/p>\n<p>Entre el 28 y 29 de marzo pasado, unos 80 representantes del sector TCLF (Textile, Clothing, Leather and Footwear) se reunieron en Rumania para debatir c\u00f3mo las industrias del sudeste europeo pueden hacer la transici\u00f3n hacia una producci\u00f3n m\u00e1s sustentable y competitiva.<\/p>\n<p>Del encuentro surgi\u00f3 la Declaraci\u00f3n de Budapest donde los firmantes se comprometen a trabajar en conjunto para cumplir ese objetivo. El proyecto apunta a transformar los sectores de textil, confecci\u00f3n, cuero y calzado del sudeste de Europa en industrias sostenibles para el a\u00f1o 2030. Con esta declaraci\u00f3n, esa regi\u00f3n de Europa busca cumplir con los las exigencias de la Comunidad Europea en cuanto a sostenibilidad<\/p>\n<p>En el encuentro se puso sobre el tapete las condiciones de trabajo en la industria. Luc Triangle, secretario general de la Federaci\u00f3n Sindical Europea industiALL Europe se\u00f1al\u00f3 al respecto que \u201clos sindicatos insisten en que la transici\u00f3n hacia industrias TCLF m\u00e1s sostenibles en el sudeste de Europa se gestione de forma socialmente responsable\u201d.<\/p>\n<p>Agreg\u00f3 que \u201cla transici\u00f3n s\u00f3lo ser\u00e1 sostenible y justa si cumple con las necesidades de las personas y el planeta. Para nosotros, esto significa garantizar que ning\u00fan trabajador se quede atr\u00e1s en las transiciones verde y digital. El hecho de que los salarios en las industrias TCLF est\u00e9n entre los m\u00e1s bajos de Europa, hace que sea ya el momento de trabajar hacia una industria transformada con mejores condiciones laborales y salarios para los trabajadores\u201d.<\/p>\n<p>La Declaraci\u00f3n reclama a los gobiernos que promuevan las pol\u00edticas industriales y que apoyen la innovaci\u00f3n y digitalizaci\u00f3n. El director general de Euratex, Dirk Vantyghem, defini\u00f3 los pilares que debe tener la transformaci\u00f3n buscada. \u201cEn primer lugar, las autoridades nacionales deben reconocer la importancia estrat\u00e9gica de todo el sector. En segundo lugar, debemos asegurar un mejor di\u00e1logo entre empresarios, trabajadores, marcas y autoridades. En tercero, las empresas deben repensar su modelo de negocio, centr\u00e1ndose en la sostenibilidad, la calidad y la creatividad. Por \u00faltimo, necesitamos asociaciones empresariales m\u00e1s fuertes, que puedan apoyar y representar a las empresas textiles frente a actores nacionales e internacionales\u201d, remarc\u00f3.<\/p>\n<div id=\"attachment_21530\" style=\"width: 167px\" class=\"wp-caption alignright\"><a href=\"http:\/\/cueroamerica.info\/wpnews\/wp-content\/uploads\/2023\/04\/Gustavo-Gonzalez-Quijano-secretario-general-de-COTANCE-en-la-reunion-de-Bucarest.-.jpg-scaled.jpg\"><img loading=\"lazy\" decoding=\"async\" aria-describedby=\"caption-attachment-21530\" class=\" wp-image-21530\" src=\"http:\/\/cueroamerica.info\/wpnews\/wp-content\/uploads\/2023\/04\/Gustavo-Gonzalez-Quijano-secretario-general-de-COTANCE-en-la-reunion-de-Bucarest.-.jpg-225x300.jpg\" alt=\"\" width=\"157\" height=\"209\" srcset=\"http:\/\/cueroamerica.info\/wpnews\/wp-content\/uploads\/2023\/04\/Gustavo-Gonzalez-Quijano-secretario-general-de-COTANCE-en-la-reunion-de-Bucarest.-.jpg-225x300.jpg 225w, http:\/\/cueroamerica.info\/wpnews\/wp-content\/uploads\/2023\/04\/Gustavo-Gonzalez-Quijano-secretario-general-de-COTANCE-en-la-reunion-de-Bucarest.-.jpg-769x1024.jpg 769w, http:\/\/cueroamerica.info\/wpnews\/wp-content\/uploads\/2023\/04\/Gustavo-Gonzalez-Quijano-secretario-general-de-COTANCE-en-la-reunion-de-Bucarest.-.jpg-768x1023.jpg 768w, http:\/\/cueroamerica.info\/wpnews\/wp-content\/uploads\/2023\/04\/Gustavo-Gonzalez-Quijano-secretario-general-de-COTANCE-en-la-reunion-de-Bucarest.-.jpg-1153x1536.jpg 1153w, http:\/\/cueroamerica.info\/wpnews\/wp-content\/uploads\/2023\/04\/Gustavo-Gonzalez-Quijano-secretario-general-de-COTANCE-en-la-reunion-de-Bucarest.-.jpg-1537x2048.jpg 1537w, http:\/\/cueroamerica.info\/wpnews\/wp-content\/uploads\/2023\/04\/Gustavo-Gonzalez-Quijano-secretario-general-de-COTANCE-en-la-reunion-de-Bucarest.-.jpg-scaled.jpg 1921w\" sizes=\"auto, (max-width: 157px) 100vw, 157px\" \/><\/a><p id=\"caption-attachment-21530\" class=\"wp-caption-text\">Gustavo Gonz\u00e1lez-Quijano, secretario general de COTANCE en la reuni\u00f3n de Bucarest.<\/p><\/div>\n<p>Otro de los temas que se trat\u00f3 en la reuni\u00f3n es la falta de personal calificado debido a que los j\u00f3venes no tienen inter\u00e9s en ingresar a una industria que ofrece sueldos bajos. De ah\u00ed que el documento hace hincapi\u00e9 en la necesidad de mejorar las condiciones de empleo y, sobre todo, el nivel del salario. Los firmantes se comprometieron tambi\u00e9n a trabajar con las instituciones educativas para atraer y capacitar a nuevos trabajadores.<\/p>\n<p>La Confederaci\u00f3n de Asociaciones de Curtiembres Europeas (Cotance) dijo sobre el tema, a trav\u00e9s de su secretario general Gustavo Gonz\u00e1lez-Quijano, que \u201clos interlocutores sociales de la UE del ecosistema TCLF han hecho su parte al movilizar sus filas en Bulgaria, Rumania, Croacia, Serbia y Macedonia del Norte para enfrentar los desaf\u00edos del Acuerdo Verde. Ahora la pelota est\u00e1 en el campo de los gobiernos de estos pa\u00edses para apoyar su industria con estrategias efectivas que complementen la estrategia de la UE para el sector TCLF\u201d.<br \/>\n&#8212;&#8212;&#8212;&#8212;&#8212;&#8212;&#8212;&#8212;&#8212;&#8212;&#8212;&#8212;&#8212;&#8211;<br \/>\nCOTANCE \/ CueroAm\u00e9rica<\/p>\n<p>&#8212;&#8212;&#8212;&#8212;&#8212;&#8212;&#8212;&#8212;&#8212;&#8212;&#8212;&#8212;&#8212;&#8212;&#8212;&#8211;<br \/>\nPara comunicarse con CueroAm\u00e9rica: <span style=\"color: #3366ff;\"><a style=\"color: #3366ff;\" href=\"mailto:contacto@cueroamerica.com\">contacto@cueroamerica.com<\/a><\/span><\/p>\n<table>\n<tbody>\n<tr>\n<td width=\"300\">\n<div align=\"center\"><a href=\"https:\/\/www.aplf.com\/2022\/11\/23\/acle2022-to-be-rescheduled-to-august-2023\/\" target=\"_blank\" rel=\"noopener\"><img loading=\"lazy\" decoding=\"async\" class=\"aligncenter\" src=\"\/img\/publicidad\/2022\/acle-2023-300X200.jpg\" alt=\"\" width=\"300\" height=\"209\" \/><\/a><\/div>\n<\/td>\n<td width=\"171\">\n<div align=\"center\"><a href=\"http:\/\/bit.ly\/2qWKHwZ\" target=\"_blank\" rel=\"noopener\"><img loading=\"lazy\" decoding=\"async\" class=\"aligncenter\" src=\"\/img\/publicidad\/aaqtic-banner.gif\" alt=\"\" width=\"300\" height=\"200\" border=\"0\" \/><\/a><\/div>\n<\/td>\n<\/tr>\n<\/tbody>\n<\/table>\n","protected":false},"excerpt":{"rendered":"<p>A finales del mes pasado, representantes del sector TCLF (textil, ropa, cuero y calzado) se comprometieron a apoyar las industrias sostenibles y competitivas del sudeste Europeo. La iniciativa incluye tambi\u00e9n mejorar las condiciones de trabajo. Entre el 28 y 29 de marzo pasado, unos 80 representantes del sector TCLF (Textile, Clothing, Leather and Footwear) se [&hellip;]<\/p>\n","protected":false},"author":4,"featured_media":0,"comment_status":"closed","ping_status":"closed","sticky":false,"template":"","format":"standard","meta":{"footnotes":""},"categories":[59,63],"tags":[],"class_list":["post-21548","post","type-post","status-publish","format-standard","hentry","category-medio-ambiente","category-noticias-de-europa","count-0","even alt","author-","last"],"_links":{"self":[{"href":"http:\/\/cueroamerica.info\/wpnews\/wp-json\/wp\/v2\/posts\/21548","targetHints":{"allow":["GET"]}}],"collection":[{"href":"http:\/\/cueroamerica.info\/wpnews\/wp-json\/wp\/v2\/posts"}],"about":[{"href":"http:\/\/cueroamerica.info\/wpnews\/wp-json\/wp\/v2\/types\/post"}],"author":[{"embeddable":true,"href":"http:\/\/cueroamerica.info\/wpnews\/wp-json\/wp\/v2\/users\/4"}],"replies":[{"embeddable":true,"href":"http:\/\/cueroamerica.info\/wpnews\/wp-json\/wp\/v2\/comments?post=21548"}],"version-history":[{"count":1,"href":"http:\/\/cueroamerica.info\/wpnews\/wp-json\/wp\/v2\/posts\/21548\/revisions"}],"predecessor-version":[{"id":21549,"href":"http:\/\/cueroamerica.info\/wpnews\/wp-json\/wp\/v2\/posts\/21548\/revisions\/21549"}],"wp:attachment":[{"href":"http:\/\/cueroamerica.info\/wpnews\/wp-json\/wp\/v2\/media?parent=21548"}],"wp:term":[{"taxonomy":"category","embeddable":true,"href":"http:\/\/cueroamerica.info\/wpnews\/wp-json\/wp\/v2\/categories?post=21548"},{"taxonomy":"post_tag","embeddable":true,"href":"http:\/\/cueroamerica.info\/wpnews\/wp-json\/wp\/v2\/tags?post=21548"}],"curies":[{"name":"wp","href":"https:\/\/api.w.org\/{rel}","templated":true}]}}