{"id":21657,"date":"2023-05-02T13:24:42","date_gmt":"2023-05-02T13:24:42","guid":{"rendered":"http:\/\/cueroamerica.info\/wpnews\/?p=21657"},"modified":"2023-05-02T13:24:42","modified_gmt":"2023-05-02T13:24:42","slug":"uitic-abrio-el-registro-para-la-edicion-21-del-congreso-que-realizara-en-septiembre","status":"publish","type":"post","link":"http:\/\/cueroamerica.info\/wpnews\/2023\/05\/uitic-abrio-el-registro-para-la-edicion-21-del-congreso-que-realizara-en-septiembre\/","title":{"rendered":"UITIC abri\u00f3 el registro para la edici\u00f3n 21\u00b0 del Congreso que realizar\u00e1 en septiembre"},"content":{"rendered":"<p>La International Union of Shoes Industry Technicians anunci\u00f3 la realizaci\u00f3n del 21\u00b0 UITIC International Technical Footwear Congress del 19 al 22 de septiembre en Mil\u00e1n y Vigevano. La organizaci\u00f3n ya habilit\u00f3 la registraci\u00f3n y la compra de tickets.<\/p>\n<table>\n<tbody>\n<tr>\n<td><a href=\"http:\/\/cueroamerica.info\/wpnews\/wp-content\/uploads\/2023\/05\/XXI-CONGRESO-UITIC-.jpg\"><img loading=\"lazy\" decoding=\"async\" class=\"size-medium wp-image-21653 aligncenter\" src=\"http:\/\/cueroamerica.info\/wpnews\/wp-content\/uploads\/2023\/05\/XXI-CONGRESO-UITIC--300x156.jpg\" alt=\"\" width=\"300\" height=\"156\" srcset=\"http:\/\/cueroamerica.info\/wpnews\/wp-content\/uploads\/2023\/05\/XXI-CONGRESO-UITIC--300x156.jpg 300w, http:\/\/cueroamerica.info\/wpnews\/wp-content\/uploads\/2023\/05\/XXI-CONGRESO-UITIC--768x400.jpg 768w, http:\/\/cueroamerica.info\/wpnews\/wp-content\/uploads\/2023\/05\/XXI-CONGRESO-UITIC-.jpg 823w\" sizes=\"auto, (max-width: 300px) 100vw, 300px\" \/><\/a><\/td>\n<td><a href=\"http:\/\/cueroamerica.info\/wpnews\/wp-content\/uploads\/2023\/05\/Congreso-UITIC-.jpg\"><img loading=\"lazy\" decoding=\"async\" class=\" wp-image-21651 aligncenter\" src=\"http:\/\/cueroamerica.info\/wpnews\/wp-content\/uploads\/2023\/05\/Congreso-UITIC--300x204.jpg\" alt=\"\" width=\"235\" height=\"160\" srcset=\"http:\/\/cueroamerica.info\/wpnews\/wp-content\/uploads\/2023\/05\/Congreso-UITIC--300x204.jpg 300w, http:\/\/cueroamerica.info\/wpnews\/wp-content\/uploads\/2023\/05\/Congreso-UITIC-.jpg 668w\" sizes=\"auto, (max-width: 235px) 100vw, 235px\" \/><\/a><\/td>\n<\/tr>\n<\/tbody>\n<\/table>\n<p>El Congreso se realiza con la colaboraci\u00f3n de Assomac, organizador de Simac Tanning Tech y est\u00e1 producido por Messe Frankfurt, Italia. En el evento, centrado en la innovaci\u00f3n y la sustentabilidad, los expertos disertar\u00e1n sobre el futuro de la industria del calzado.<\/p>\n<div id=\"attachment_21654\" style=\"width: 123px\" class=\"wp-caption alignright\"><a href=\"http:\/\/cueroamerica.info\/wpnews\/wp-content\/uploads\/2023\/05\/Yves-Morin-presidente-de-UITIC.-_2.jpg\"><img loading=\"lazy\" decoding=\"async\" aria-describedby=\"caption-attachment-21654\" class=\" wp-image-21654\" src=\"http:\/\/cueroamerica.info\/wpnews\/wp-content\/uploads\/2023\/05\/Yves-Morin-presidente-de-UITIC.-_2-200x300.jpg\" alt=\"\" width=\"113\" height=\"170\" srcset=\"http:\/\/cueroamerica.info\/wpnews\/wp-content\/uploads\/2023\/05\/Yves-Morin-presidente-de-UITIC.-_2-200x300.jpg 200w, http:\/\/cueroamerica.info\/wpnews\/wp-content\/uploads\/2023\/05\/Yves-Morin-presidente-de-UITIC.-_2-683x1024.jpg 683w, http:\/\/cueroamerica.info\/wpnews\/wp-content\/uploads\/2023\/05\/Yves-Morin-presidente-de-UITIC.-_2-768x1152.jpg 768w, http:\/\/cueroamerica.info\/wpnews\/wp-content\/uploads\/2023\/05\/Yves-Morin-presidente-de-UITIC.-_2.jpg 945w\" sizes=\"auto, (max-width: 113px) 100vw, 113px\" \/><\/a><p id=\"caption-attachment-21654\" class=\"wp-caption-text\">Yves-Morin, presidente de UITIC.<\/p><\/div>\n<p>El t\u00f3pico que englobar\u00e1 todas las conferencias es el camino a la sustentabilidad a trav\u00e9s de la innovaci\u00f3n. La primera presentaci\u00f3n abordar\u00e1 el tema de los productos, materiales y consumidores del ma\u00f1ana. Luego se hablar\u00e1 de la transformaci\u00f3n digital y del capital humano para una industria 5.0. El segundo d\u00eda se presentar\u00e1n historias de \u00e9xito en sustentabilidad.<\/p>\n<p>El programa incluye visitas a f\u00e1bricas y a la feria Simac Tanning Tech, adem\u00e1s de una cena de gala. Quienes se hospeden en el hotel NH Milano Congress Centre tendr\u00e1n una tarifa especial.<br \/>\n&#8212;&#8212;&#8212;&#8212;&#8212;&#8212;&#8212;&#8212;&#8212;&#8212;&#8212;&#8212;&#8212;&#8212;&#8212;&#8212;&#8212;&#8212;&#8212;&#8212;&#8212;&#8212;&#8212;&#8212;&#8212;&#8212;&#8212;&#8212;&#8212;&#8212;-<br \/>\nInternational Union of Shoes Industry Technicians \/ CueroAm\u00e9rica<\/p>\n<p>&#8212;&#8212;&#8212;&#8212;&#8212;&#8212;&#8212;&#8212;&#8212;&#8212;&#8212;&#8212;&#8212;&#8212;&#8212;&#8211;<br \/>\nPara comunicarse con CueroAm\u00e9rica: <span style=\"color: #3366ff;\"><a style=\"color: #3366ff;\" href=\"mailto:contacto@cueroamerica.com\">contacto@cueroamerica.com<\/a><\/span><\/p>\n<table>\n<tbody>\n<tr>\n<td width=\"300\"><a href=\"http:\/\/www.units.com.ar\/\" target=\"_blank\" rel=\"noopener\"><img loading=\"lazy\" decoding=\"async\" class=\"aligncenter\" src=\"\/img\/publicidad\/aviso-units2020.gif\" alt=\"\" width=\"300\" height=\"200\" border=\"0\" \/><\/a><\/td>\n<td width=\"171\"><a href=\"https:\/\/www.smitzoon.com\/en\/renewability\/?utm_source=cuero-america&amp;utm_medium=banner&amp;utm_campaign=renewability\" target=\"_blank\" rel=\"noopener\"><img loading=\"lazy\" decoding=\"async\" class=\"aligncenter\" src=\"\/img\/publicidad\/2023\/300x200-sz2023.jpg\" alt=\"\" width=\"300\" height=\"200\" border=\"0\" \/><\/a><\/td>\n<\/tr>\n<\/tbody>\n<\/table>\n","protected":false},"excerpt":{"rendered":"<p>La International Union of Shoes Industry Technicians anunci\u00f3 la realizaci\u00f3n del 21\u00b0 UITIC International Technical Footwear Congress del 19 al 22 de septiembre en Mil\u00e1n y Vigevano. La organizaci\u00f3n ya habilit\u00f3 la registraci\u00f3n y la compra de tickets. El Congreso se realiza con la colaboraci\u00f3n de Assomac, organizador de Simac Tanning Tech y est\u00e1 producido [&hellip;]<\/p>\n","protected":false},"author":4,"featured_media":0,"comment_status":"closed","ping_status":"closed","sticky":false,"template":"","format":"standard","meta":{"footnotes":""},"categories":[96,65],"tags":[],"class_list":["post-21657","post","type-post","status-publish","format-standard","hentry","category-eventos","category-ferias-proximas","count-0","even alt","author-","last"],"_links":{"self":[{"href":"http:\/\/cueroamerica.info\/wpnews\/wp-json\/wp\/v2\/posts\/21657","targetHints":{"allow":["GET"]}}],"collection":[{"href":"http:\/\/cueroamerica.info\/wpnews\/wp-json\/wp\/v2\/posts"}],"about":[{"href":"http:\/\/cueroamerica.info\/wpnews\/wp-json\/wp\/v2\/types\/post"}],"author":[{"embeddable":true,"href":"http:\/\/cueroamerica.info\/wpnews\/wp-json\/wp\/v2\/users\/4"}],"replies":[{"embeddable":true,"href":"http:\/\/cueroamerica.info\/wpnews\/wp-json\/wp\/v2\/comments?post=21657"}],"version-history":[{"count":4,"href":"http:\/\/cueroamerica.info\/wpnews\/wp-json\/wp\/v2\/posts\/21657\/revisions"}],"predecessor-version":[{"id":21661,"href":"http:\/\/cueroamerica.info\/wpnews\/wp-json\/wp\/v2\/posts\/21657\/revisions\/21661"}],"wp:attachment":[{"href":"http:\/\/cueroamerica.info\/wpnews\/wp-json\/wp\/v2\/media?parent=21657"}],"wp:term":[{"taxonomy":"category","embeddable":true,"href":"http:\/\/cueroamerica.info\/wpnews\/wp-json\/wp\/v2\/categories?post=21657"},{"taxonomy":"post_tag","embeddable":true,"href":"http:\/\/cueroamerica.info\/wpnews\/wp-json\/wp\/v2\/tags?post=21657"}],"curies":[{"name":"wp","href":"https:\/\/api.w.org\/{rel}","templated":true}]}}