{"id":21913,"date":"2023-07-04T14:41:41","date_gmt":"2023-07-04T14:41:41","guid":{"rendered":"http:\/\/cueroamerica.info\/wpnews\/?p=21913"},"modified":"2023-07-04T14:41:41","modified_gmt":"2023-07-04T14:41:41","slug":"la-edicion-de-iflseici-tuvo-un-buen-resultado-en-materia-de-negocios-y-participacion","status":"publish","type":"post","link":"http:\/\/cueroamerica.info\/wpnews\/2023\/07\/la-edicion-de-iflseici-tuvo-un-buen-resultado-en-materia-de-negocios-y-participacion\/","title":{"rendered":"La edici\u00f3n de IFLS+EICI tuvo un buen resultado en materia de negocios y participaci\u00f3n"},"content":{"rendered":"<p><a href=\"http:\/\/cueroamerica.info\/wpnews\/wp-content\/uploads\/2023\/07\/MG_8276.jpg\"><img loading=\"lazy\" decoding=\"async\" class=\"alignleft  wp-image-21891\" src=\"http:\/\/cueroamerica.info\/wpnews\/wp-content\/uploads\/2023\/07\/MG_8276-300x200.jpg\" alt=\"\" width=\"245\" height=\"163\" srcset=\"http:\/\/cueroamerica.info\/wpnews\/wp-content\/uploads\/2023\/07\/MG_8276-300x200.jpg 300w, http:\/\/cueroamerica.info\/wpnews\/wp-content\/uploads\/2023\/07\/MG_8276-768x512.jpg 768w, http:\/\/cueroamerica.info\/wpnews\/wp-content\/uploads\/2023\/07\/MG_8276.jpg 1000w\" sizes=\"auto, (max-width: 245px) 100vw, 245px\" \/><\/a>Seg\u00fan ACICAM, los 491 expositores que participaron en la feria IFLS+EICI de pa\u00edses como Colombia, Brasil, Espa\u00f1a, M\u00e9xico, China, Turqu\u00eda, Portugal e Italia, lograron ventas efectivas por $41. 200 millones de pesos colombianos (unos US$ 10 millones). La cifra estimada sobrepasa las expectativas planteadas por la entidad organizadora.<\/p>\n<p>M\u00e1s de 7.000 compradores y visitantes de dieron cita en el sal\u00f3n, quienes encontraron una variedad extensa de productos de los cl\u00fasters industriales de Bogot\u00e1, Santander, Norte de Santander, Valle del Cauca, Antioquia y la Zona Cafetera y de los pa\u00edses invitados.<\/p>\n<p><a href=\"http:\/\/cueroamerica.info\/wpnews\/wp-content\/uploads\/2023\/07\/CL_03240.jpg\"><img loading=\"lazy\" decoding=\"async\" class=\" wp-image-21905 alignright\" src=\"http:\/\/cueroamerica.info\/wpnews\/wp-content\/uploads\/2023\/07\/CL_03240-300x200.jpg\" alt=\"\" width=\"240\" height=\"160\" srcset=\"http:\/\/cueroamerica.info\/wpnews\/wp-content\/uploads\/2023\/07\/CL_03240-300x200.jpg 300w, http:\/\/cueroamerica.info\/wpnews\/wp-content\/uploads\/2023\/07\/CL_03240-768x512.jpg 768w, http:\/\/cueroamerica.info\/wpnews\/wp-content\/uploads\/2023\/07\/CL_03240.jpg 1000w\" sizes=\"auto, (max-width: 240px) 100vw, 240px\" \/><\/a>La feria fue la vitrina para el lanzamiento de nuevas colecciones de marcas colombianas en calzado, manufacturas en cuero y marroquiner\u00eda. Adem\u00e1s, se presentaron diversos componentes, materias primas para la temporada primavera-verano 2024, adem\u00e1s de nuevos equipos para la producci\u00f3n de calzado.<\/p>\n<p>Para el Presidente Ejecutivo de ACICAM, Germ\u00e1n Gonz\u00e1lez, \u201cDurante esta feria se sinti\u00f3 un clima de satisfacci\u00f3n entre los expositores y asistentes y los datos, los cuales superaron las expectativas, confirman que el sector viene experimentando grandes progresos\u201d.<\/p>\n<p><a href=\"http:\/\/cueroamerica.info\/wpnews\/wp-content\/uploads\/2023\/07\/negocios.jpg\"><img loading=\"lazy\" decoding=\"async\" class=\"alignleft  wp-image-21908\" src=\"http:\/\/cueroamerica.info\/wpnews\/wp-content\/uploads\/2023\/07\/negocios-300x182.jpg\" alt=\"\" width=\"247\" height=\"150\" srcset=\"http:\/\/cueroamerica.info\/wpnews\/wp-content\/uploads\/2023\/07\/negocios-300x182.jpg 300w, http:\/\/cueroamerica.info\/wpnews\/wp-content\/uploads\/2023\/07\/negocios-768x467.jpg 768w, http:\/\/cueroamerica.info\/wpnews\/wp-content\/uploads\/2023\/07\/negocios.jpg 1000w\" sizes=\"auto, (max-width: 247px) 100vw, 247px\" \/><\/a>El evento tambi\u00e9n cont\u00f3 con una agenda acad\u00e9mica nutrida, donde expositores y visitantes lograron ampliar su conocimiento en todas las \u00e1reas del mercado y moda. Una muestra m\u00e1s de que la feria gener\u00f3 un fortalecimiento del sector, no solo en ventas sino tambi\u00e9n en todos sus procesos de producci\u00f3n, dise\u00f1o, mercadeo y ventas.<\/p>\n<p>La 47\u00ba edici\u00f3n de la feria International Footwear and Leather Show y la EICI su 28 versi\u00f3n, ya est\u00e1 confirmada para los d\u00edas 6 al 9 de febrero de 2024, como siempre en el pabell\u00f3n de Corferias, en Bogot\u00e1.<\/p>\n<p><a href=\"http:\/\/cueroamerica.info\/wpnews\/wp-content\/uploads\/2023\/07\/CL_03346.jpg\"><img loading=\"lazy\" decoding=\"async\" class=\" wp-image-21907 alignright\" src=\"http:\/\/cueroamerica.info\/wpnews\/wp-content\/uploads\/2023\/07\/CL_03346-300x200.jpg\" alt=\"\" width=\"240\" height=\"160\" srcset=\"http:\/\/cueroamerica.info\/wpnews\/wp-content\/uploads\/2023\/07\/CL_03346-300x200.jpg 300w, http:\/\/cueroamerica.info\/wpnews\/wp-content\/uploads\/2023\/07\/CL_03346-768x512.jpg 768w, http:\/\/cueroamerica.info\/wpnews\/wp-content\/uploads\/2023\/07\/CL_03346.jpg 1000w\" sizes=\"auto, (max-width: 240px) 100vw, 240px\" \/><\/a>Para sus organizadores, IFLS+EICI cerraron una edici\u00f3n en la que fue concluyente el su mensaje de \u201cevidenciar las novedades y referentes actuales para la industria, en materia de sostenibilidad, tecnolog\u00eda, tendencias y negocios, nuevas implementaciones que est\u00e1n impactando al sector del cuero y que est\u00e1n vinculadas con las exigencias de los consumidores de hoy y con los procesos productivos de las organizaciones\u201d.<br \/>\n&#8212;&#8212;&#8212;&#8212;&#8212;&#8212;&#8212;&#8212;&#8212;&#8212;&#8212;-<br \/>\nIFLS \/ CueroAm\u00e9rica<\/p>\n<p>&#8212;&#8212;&#8212;&#8212;&#8212;&#8212;&#8212;&#8212;&#8212;&#8212;&#8212;&#8212;&#8212;&#8212;&#8212;&#8211;<br \/>\nPara comunicarse con CueroAm\u00e9rica: <span style=\"color: #3366ff;\"><a style=\"color: #3366ff;\" href=\"mailto:contacto@cueroamerica.com\">contacto@cueroamerica.com<\/a><\/span><\/p>\n<table>\n<tbody>\n<tr>\n<td width=\"300\">\n<div align=\"center\"><a href=\"https:\/\/www.smitzoon.com\/en\/renewability\/?utm_source=cuero-america&amp;utm_medium=banner&amp;utm_campaign=renewability\" target=\"_blank\" rel=\"noopener\"><img loading=\"lazy\" decoding=\"async\" class=\"aligncenter\" src=\"\/img\/publicidad\/2023\/300x200-sz2023.jpg\" alt=\"\" width=\"300\" height=\"200\" border=\"0\" \/><\/a><\/div>\n<\/td>\n<td width=\"171\">\n<div align=\"center\"><a href=\"https:\/\/www.aplf.com\/aplf-dubai-2023\/\" target=\"_blank\" rel=\"noopener\"><img loading=\"lazy\" decoding=\"async\" class=\"aligncenter\" src=\"\/img\/publicidad\/2023\/aplfl_2023-03-300x200px.gif\" alt=\"\" width=\"300\" height=\"200\" \/><\/a><\/div>\n<\/td>\n<\/tr>\n<\/tbody>\n<\/table>\n","protected":false},"excerpt":{"rendered":"<p>Seg\u00fan ACICAM, los 491 expositores que participaron en la feria IFLS+EICI de pa\u00edses como Colombia, Brasil, Espa\u00f1a, M\u00e9xico, China, Turqu\u00eda, Portugal e Italia, lograron ventas efectivas por $41. 200 millones de pesos colombianos (unos US$ 10 millones). La cifra estimada sobrepasa las expectativas planteadas por la entidad organizadora. M\u00e1s de 7.000 compradores y visitantes de [&hellip;]<\/p>\n","protected":false},"author":4,"featured_media":0,"comment_status":"closed","ping_status":"closed","sticky":false,"template":"","format":"standard","meta":{"footnotes":""},"categories":[66],"tags":[],"class_list":["post-21913","post","type-post","status-publish","format-standard","hentry","category-ferias-realizadas","count-0","even alt","author-","last"],"_links":{"self":[{"href":"http:\/\/cueroamerica.info\/wpnews\/wp-json\/wp\/v2\/posts\/21913","targetHints":{"allow":["GET"]}}],"collection":[{"href":"http:\/\/cueroamerica.info\/wpnews\/wp-json\/wp\/v2\/posts"}],"about":[{"href":"http:\/\/cueroamerica.info\/wpnews\/wp-json\/wp\/v2\/types\/post"}],"author":[{"embeddable":true,"href":"http:\/\/cueroamerica.info\/wpnews\/wp-json\/wp\/v2\/users\/4"}],"replies":[{"embeddable":true,"href":"http:\/\/cueroamerica.info\/wpnews\/wp-json\/wp\/v2\/comments?post=21913"}],"version-history":[{"count":2,"href":"http:\/\/cueroamerica.info\/wpnews\/wp-json\/wp\/v2\/posts\/21913\/revisions"}],"predecessor-version":[{"id":21915,"href":"http:\/\/cueroamerica.info\/wpnews\/wp-json\/wp\/v2\/posts\/21913\/revisions\/21915"}],"wp:attachment":[{"href":"http:\/\/cueroamerica.info\/wpnews\/wp-json\/wp\/v2\/media?parent=21913"}],"wp:term":[{"taxonomy":"category","embeddable":true,"href":"http:\/\/cueroamerica.info\/wpnews\/wp-json\/wp\/v2\/categories?post=21913"},{"taxonomy":"post_tag","embeddable":true,"href":"http:\/\/cueroamerica.info\/wpnews\/wp-json\/wp\/v2\/tags?post=21913"}],"curies":[{"name":"wp","href":"https:\/\/api.w.org\/{rel}","templated":true}]}}