{"id":22820,"date":"2024-01-09T15:07:19","date_gmt":"2024-01-09T15:07:19","guid":{"rendered":"http:\/\/cueroamerica.info\/wpnews\/?p=22820"},"modified":"2024-01-09T15:07:19","modified_gmt":"2024-01-09T15:07:19","slug":"momad-el-salon-de-calzado-y-moda-madrileno-ya-tiene-85-de-ocupacion-de-stands","status":"publish","type":"post","link":"http:\/\/cueroamerica.info\/wpnews\/2024\/01\/momad-el-salon-de-calzado-y-moda-madrileno-ya-tiene-85-de-ocupacion-de-stands\/","title":{"rendered":"Momad, el sal\u00f3n de calzado y moda madrile\u00f1o ya tiene 85% de ocupaci\u00f3n de stands"},"content":{"rendered":"<p><a href=\"http:\/\/cueroamerica.info\/wpnews\/wp-content\/uploads\/2024\/01\/MOMAD_-2.jpg\"><img loading=\"lazy\" decoding=\"async\" class=\" wp-image-22822 alignright\" src=\"http:\/\/cueroamerica.info\/wpnews\/wp-content\/uploads\/2024\/01\/MOMAD_-2-300x200.jpg\" alt=\"\" width=\"248\" height=\"165\" srcset=\"http:\/\/cueroamerica.info\/wpnews\/wp-content\/uploads\/2024\/01\/MOMAD_-2-300x200.jpg 300w, http:\/\/cueroamerica.info\/wpnews\/wp-content\/uploads\/2024\/01\/MOMAD_-2-768x512.jpg 768w, http:\/\/cueroamerica.info\/wpnews\/wp-content\/uploads\/2024\/01\/MOMAD_-2.jpg 1000w\" sizes=\"auto, (max-width: 248px) 100vw, 248px\" \/><\/a>El evento se llevar\u00e1 a cabo del 9 al 11 de febrero en el centro ferial IFEMA Madrid. Desde la organizaci\u00f3n aseguraron que el buen nivel de ventas de espacios de exposici\u00f3n \u201cconfirma la buena salud de Momad y el apoyo de la industria de la moda a la feria\u201d.<\/p>\n<p>Una de las acciones que llevaron a cabo los organizadores para potenciar la feria fue un road show que recorri\u00f3 todas las regiones de Espa\u00f1a. En el sal\u00f3n se presentar\u00e1 la colecci\u00f3n oto\u00f1o\/primavera 24-25, primavera\/verano 2024 y colecciones atemporales que est\u00e1n teniendo muy buena recepci\u00f3n en el sector. Las marcas se organizar\u00e1n en el espacio de acuerdo a la temporada que presenten, su estilo y el tipo de cliente al que apuntan. Momad tendr\u00e1 cuatro \u00e1reas diferenciadas: \u2018Contempor\u00e1neo\u2019 con marcas de alto nivel, \u2018Evento\u2019 con ropa de fiesta, \u2018Sustainable Experience\u2019 y el \u2018Sector Casual\u2019.<\/p>\n<p><a href=\"http:\/\/cueroamerica.info\/wpnews\/wp-content\/uploads\/2024\/01\/MOMAD_-1.jpg\"><img loading=\"lazy\" decoding=\"async\" class=\"alignleft wp-image-22821\" src=\"http:\/\/cueroamerica.info\/wpnews\/wp-content\/uploads\/2024\/01\/MOMAD_-1-300x200.jpg\" alt=\"\" width=\"246\" height=\"164\" srcset=\"http:\/\/cueroamerica.info\/wpnews\/wp-content\/uploads\/2024\/01\/MOMAD_-1-300x200.jpg 300w, http:\/\/cueroamerica.info\/wpnews\/wp-content\/uploads\/2024\/01\/MOMAD_-1-1024x683.jpg 1024w, http:\/\/cueroamerica.info\/wpnews\/wp-content\/uploads\/2024\/01\/MOMAD_-1-768x512.jpg 768w, http:\/\/cueroamerica.info\/wpnews\/wp-content\/uploads\/2024\/01\/MOMAD_-1.jpg 1188w\" sizes=\"auto, (max-width: 246px) 100vw, 246px\" \/><\/a>En el mismo predio y en simult\u00e1neo se realizar\u00e1n Intergift, la feria de alta decoraci\u00f3n y regalos y Madridplata. Dos d\u00edas antes, tambi\u00e9n en IFEMA, se llevar\u00e1 a cabo del 7 al 9 de febrero Kil\u00f3metro 0 Moda \u201924. Este encuentro re\u00fane a los proveedores de servicios del sector textil y moda. En el sal\u00f3n se pueden encontrar empresas y agentes de tejidos, fornituras, complementos textiles, adem\u00e1s de talleres de confecci\u00f3n, de g\u00e9neros de punto, de corte y tambi\u00e9n empresas de servicios auxiliares como tecnolog\u00eda y log\u00edstica.<br \/>\n&#8212;&#8212;&#8212;&#8212;&#8212;&#8212;&#8212;&#8212;&#8212;&#8212;&#8212;&#8212;&#8212;&#8212;&#8212;&#8212;<br \/>\nPinker Moda \/ Comunidad Textil<\/p>\n<p>&#8212;&#8212;&#8212;&#8212;&#8212;&#8212;&#8212;&#8212;&#8212;&#8212;&#8212;&#8212;&#8212;&#8212;&#8212;&#8211;<br \/>\nPara comunicarse con CueroAm\u00e9rica: <span style=\"color: #3366ff;\"><a style=\"color: #3366ff;\" href=\"mailto:contacto@cueroamerica.com\">contacto@cueroamerica.com<\/a><\/span><\/p>\n<table>\n<tbody>\n<tr>\n<td width=\"300\">\n<div align=\"center\"><a href=\"https:\/\/www.aplf.com\/aplf-dubai-2023\/\" target=\"_blank\" rel=\"noopener\"><img loading=\"lazy\" decoding=\"async\" class=\"aligncenter\" src=\"\/img\/publicidad\/2023\/aplfl_2023-03-300x200px.gif\" alt=\"\" width=\"300\" height=\"200\" \/><\/a><\/div>\n<\/td>\n<td width=\"171\">\n<div align=\"center\"><a href=\"https:\/\/www.aclechina.com\/?utm_medium=digital_ads_barter&amp;utm_source=cueroamerica&amp;utm_campaign=202409acle_sp_media_banner&amp;utm_content=banner\" target=\"_blank\" rel=\"noopener\"><img loading=\"lazy\" decoding=\"async\" class=\"aligncenter\" src=\"\/img\/publicidad\/2023\/acle24_300x200px.png\" alt=\"\" width=\"300\" height=\"200\" \/><\/a><\/div>\n<\/td>\n<\/tr>\n<\/tbody>\n<\/table>\n","protected":false},"excerpt":{"rendered":"<p>El evento se llevar\u00e1 a cabo del 9 al 11 de febrero en el centro ferial IFEMA Madrid. Desde la organizaci\u00f3n aseguraron que el buen nivel de ventas de espacios de exposici\u00f3n \u201cconfirma la buena salud de Momad y el apoyo de la industria de la moda a la feria\u201d. Una de las acciones que [&hellip;]<\/p>\n","protected":false},"author":4,"featured_media":0,"comment_status":"closed","ping_status":"closed","sticky":false,"template":"","format":"standard","meta":{"footnotes":""},"categories":[65],"tags":[],"class_list":["post-22820","post","type-post","status-publish","format-standard","hentry","category-ferias-proximas","count-0","even alt","author-","last"],"_links":{"self":[{"href":"http:\/\/cueroamerica.info\/wpnews\/wp-json\/wp\/v2\/posts\/22820","targetHints":{"allow":["GET"]}}],"collection":[{"href":"http:\/\/cueroamerica.info\/wpnews\/wp-json\/wp\/v2\/posts"}],"about":[{"href":"http:\/\/cueroamerica.info\/wpnews\/wp-json\/wp\/v2\/types\/post"}],"author":[{"embeddable":true,"href":"http:\/\/cueroamerica.info\/wpnews\/wp-json\/wp\/v2\/users\/4"}],"replies":[{"embeddable":true,"href":"http:\/\/cueroamerica.info\/wpnews\/wp-json\/wp\/v2\/comments?post=22820"}],"version-history":[{"count":2,"href":"http:\/\/cueroamerica.info\/wpnews\/wp-json\/wp\/v2\/posts\/22820\/revisions"}],"predecessor-version":[{"id":22825,"href":"http:\/\/cueroamerica.info\/wpnews\/wp-json\/wp\/v2\/posts\/22820\/revisions\/22825"}],"wp:attachment":[{"href":"http:\/\/cueroamerica.info\/wpnews\/wp-json\/wp\/v2\/media?parent=22820"}],"wp:term":[{"taxonomy":"category","embeddable":true,"href":"http:\/\/cueroamerica.info\/wpnews\/wp-json\/wp\/v2\/categories?post=22820"},{"taxonomy":"post_tag","embeddable":true,"href":"http:\/\/cueroamerica.info\/wpnews\/wp-json\/wp\/v2\/tags?post=22820"}],"curies":[{"name":"wp","href":"https:\/\/api.w.org\/{rel}","templated":true}]}}