{"id":22899,"date":"2024-01-18T13:41:16","date_gmt":"2024-01-18T13:41:16","guid":{"rendered":"http:\/\/cueroamerica.info\/wpnews\/?p=22899"},"modified":"2024-01-18T13:41:16","modified_gmt":"2024-01-18T13:41:16","slug":"iflseici-recibe-a-la-toda-la-industria-de-colombia-del-6-al-9-de-febrero-en-bogota","status":"publish","type":"post","link":"http:\/\/cueroamerica.info\/wpnews\/2024\/01\/iflseici-recibe-a-la-toda-la-industria-de-colombia-del-6-al-9-de-febrero-en-bogota\/","title":{"rendered":"IFLS+EICI recibe a la toda la industria de Colombia del 6 al 9 de febrero en Bogot\u00e1"},"content":{"rendered":"<p><a href=\"http:\/\/cueroamerica.info\/wpnews\/wp-content\/uploads\/2024\/01\/exhibicion-pasillo.jpg\"><img loading=\"lazy\" decoding=\"async\" class=\"alignleft wp-image-22883\" src=\"http:\/\/cueroamerica.info\/wpnews\/wp-content\/uploads\/2024\/01\/exhibicion-pasillo-300x200.jpg\" alt=\"\" width=\"246\" height=\"164\" srcset=\"http:\/\/cueroamerica.info\/wpnews\/wp-content\/uploads\/2024\/01\/exhibicion-pasillo-300x200.jpg 300w, http:\/\/cueroamerica.info\/wpnews\/wp-content\/uploads\/2024\/01\/exhibicion-pasillo-768x512.jpg 768w, http:\/\/cueroamerica.info\/wpnews\/wp-content\/uploads\/2024\/01\/exhibicion-pasillo.jpg 1000w\" sizes=\"auto, (max-width: 246px) 100vw, 246px\" \/><\/a>La industria colombiana esta preparando una nueva edici\u00f3n de la feria IFLS+EICI en Bogot\u00e1. Este sal\u00f3n dedicado a las industrias del cuero, calzado y marroquiner\u00eda se realizar\u00e1 del 6 al 9 de febrero en el predio ferial de Corferias, que recibir\u00e1 a 500 expositores locales y extranjeros, y a los m\u00e1s de 10.000 visitantes interesados en la excelente oferta local.<\/p>\n<p>IFLS+EICI es una importante plataforma de negocios donde se ofrecer\u00e1n las tendencias en calzado, prendas de vestir en cuero, marroquiner\u00eda, y tambi\u00e9n materias primas, componentes y m\u00e1quinas presentadas por empresa locales y de pa\u00edses como M\u00e9xico, Brasil, Espa\u00f1a, Turqu\u00eda y Venezuela.<\/p>\n<p><a href=\"http:\/\/cueroamerica.info\/wpnews\/wp-content\/uploads\/2024\/01\/maquina_2.jpg\"><img loading=\"lazy\" decoding=\"async\" class=\" wp-image-22884 alignright\" src=\"http:\/\/cueroamerica.info\/wpnews\/wp-content\/uploads\/2024\/01\/maquina_2-300x200.jpg\" alt=\"\" width=\"245\" height=\"163\" srcset=\"http:\/\/cueroamerica.info\/wpnews\/wp-content\/uploads\/2024\/01\/maquina_2-300x200.jpg 300w, http:\/\/cueroamerica.info\/wpnews\/wp-content\/uploads\/2024\/01\/maquina_2-768x512.jpg 768w, http:\/\/cueroamerica.info\/wpnews\/wp-content\/uploads\/2024\/01\/maquina_2.jpg 1000w\" sizes=\"auto, (max-width: 245px) 100vw, 245px\" \/><\/a>Seg\u00fan Germ\u00e1n Gonz\u00e1lez, presidente ejecutivo de ACICAM, \u201cla apertura del calendario de eventos con esta edici\u00f3n de la feria IFLS+EICI, nos compromete con todos los participantes a seguir fortaleciendo nuestras relaciones, adoptando pr\u00e1cticas sostenibles, innovadoras y manteniendo altos est\u00e1ndares de calidad\u201d.<\/p>\n<p>Seg\u00fan ACICAM, organizadora del evento, \u201cexisten altas expectativas en esta versi\u00f3n de la feria IFLS+EICI, la cual conectar\u00e1 a compradores nacionales y de pa\u00edses como Ecuador, Per\u00fa, Guatemala, Costa Rica, Estados Unidos, entre otros, quienes buscan mejorar la din\u00e1mica de negocios con los fabricantes colombianos.<\/p>\n<p><a href=\"http:\/\/cueroamerica.info\/wpnews\/wp-content\/uploads\/2024\/01\/CL_03240.jpg\"><img loading=\"lazy\" decoding=\"async\" class=\"alignleft wp-image-22881\" src=\"http:\/\/cueroamerica.info\/wpnews\/wp-content\/uploads\/2024\/01\/CL_03240-300x200.jpg\" alt=\"\" width=\"245\" height=\"163\" srcset=\"http:\/\/cueroamerica.info\/wpnews\/wp-content\/uploads\/2024\/01\/CL_03240-300x200.jpg 300w, http:\/\/cueroamerica.info\/wpnews\/wp-content\/uploads\/2024\/01\/CL_03240-768x512.jpg 768w, http:\/\/cueroamerica.info\/wpnews\/wp-content\/uploads\/2024\/01\/CL_03240.jpg 1000w\" sizes=\"auto, (max-width: 245px) 100vw, 245px\" \/><\/a>La feria reunir\u00e1 en el Gran Sal\u00f3n de Corferias a unos 500 expositores. Los de productos terminados estar\u00e1n en IFLS y el pabell\u00f3n de EICI tendr\u00e1 su amplia muestra de materias primas, insumos, maquinaria y tecnolog\u00eda para el sector. En esta ocasi\u00f3n se tendr\u00e1n novedades con la presencia de grandes marcas y eventos, en el marco de la feria, que la convertir\u00e1 en el epicentro de la industria y la moda en Bogot\u00e1.<\/p>\n<p>Cifras recientes marcan el crecimiento tanto del consumos local como de las exportaciones de calzado, marroquiner\u00eda y manufacturas de cuero de Colombia, poniendo de relieve la importancia de la feria, que genera grandes oportunidades tanto al mercado local como a los de la regi\u00f3n.<br \/>\nPor esto la edici\u00f3n 47\u00ba de IFLS + y la 29\u00ba del EICI estar\u00e1n, del 6 al 9 de febrero, las novedades en productos terminados y tambi\u00e9n en insumos, materas primas y tecnolog\u00eda para el sector.<br \/>\n&#8212;&#8212;&#8212;&#8212;&#8212;&#8212;&#8212;&#8212;&#8212;&#8212;&#8212;&#8212;&#8212;&#8211;<br \/>\nACICAM \/ CueroAm\u00e9rica<\/p>\n<p>&#8212;&#8212;&#8212;&#8212;&#8212;&#8212;&#8212;&#8212;&#8212;&#8212;&#8212;&#8212;&#8212;&#8212;&#8212;&#8211;<br \/>\nPara comunicarse con CueroAm\u00e9rica: <span style=\"color: #3366ff;\"><a style=\"color: #3366ff;\" href=\"mailto:contacto@cueroamerica.com\">contacto@cueroamerica.com<\/a><\/span><\/p>\n<table>\n<tbody>\n<tr>\n<td width=\"300\">\n<div align=\"center\"><a href=\"http:\/\/bit.ly\/2q2HjkA\" target=\"_blank\" rel=\"noopener\"><img loading=\"lazy\" decoding=\"async\" class=\"aligncenter\" src=\"\/img\/publicidad\/banner_jn-082016.gif\" width=\"300\" height=\"200\" \/><\/a><\/div>\n<\/td>\n<td width=\"171\">\n<div align=\"center\"><a href=\"https:\/\/www.aplf.com\/aplf-2024\/materials-fair-details\/\" target=\"_blank\" rel=\"noopener\"><img loading=\"lazy\" decoding=\"async\" class=\"aligncenter\" src=\"\/img\/publicidad\/2023\/mat_2023-03-300x200px.gif\" width=\"300\" height=\"200\" \/><\/a><\/div>\n<\/td>\n<\/tr>\n<\/tbody>\n<\/table>\n","protected":false},"excerpt":{"rendered":"<p>La industria colombiana esta preparando una nueva edici\u00f3n de la feria IFLS+EICI en Bogot\u00e1. Este sal\u00f3n dedicado a las industrias del cuero, calzado y marroquiner\u00eda se realizar\u00e1 del 6 al 9 de febrero en el predio ferial de Corferias, que recibir\u00e1 a 500 expositores locales y extranjeros, y a los m\u00e1s de 10.000 visitantes interesados [&hellip;]<\/p>\n","protected":false},"author":4,"featured_media":0,"comment_status":"closed","ping_status":"closed","sticky":false,"template":"","format":"standard","meta":{"footnotes":""},"categories":[65],"tags":[],"class_list":["post-22899","post","type-post","status-publish","format-standard","hentry","category-ferias-proximas","count-0","even alt","author-","last"],"_links":{"self":[{"href":"http:\/\/cueroamerica.info\/wpnews\/wp-json\/wp\/v2\/posts\/22899","targetHints":{"allow":["GET"]}}],"collection":[{"href":"http:\/\/cueroamerica.info\/wpnews\/wp-json\/wp\/v2\/posts"}],"about":[{"href":"http:\/\/cueroamerica.info\/wpnews\/wp-json\/wp\/v2\/types\/post"}],"author":[{"embeddable":true,"href":"http:\/\/cueroamerica.info\/wpnews\/wp-json\/wp\/v2\/users\/4"}],"replies":[{"embeddable":true,"href":"http:\/\/cueroamerica.info\/wpnews\/wp-json\/wp\/v2\/comments?post=22899"}],"version-history":[{"count":3,"href":"http:\/\/cueroamerica.info\/wpnews\/wp-json\/wp\/v2\/posts\/22899\/revisions"}],"predecessor-version":[{"id":22902,"href":"http:\/\/cueroamerica.info\/wpnews\/wp-json\/wp\/v2\/posts\/22899\/revisions\/22902"}],"wp:attachment":[{"href":"http:\/\/cueroamerica.info\/wpnews\/wp-json\/wp\/v2\/media?parent=22899"}],"wp:term":[{"taxonomy":"category","embeddable":true,"href":"http:\/\/cueroamerica.info\/wpnews\/wp-json\/wp\/v2\/categories?post=22899"},{"taxonomy":"post_tag","embeddable":true,"href":"http:\/\/cueroamerica.info\/wpnews\/wp-json\/wp\/v2\/tags?post=22899"}],"curies":[{"name":"wp","href":"https:\/\/api.w.org\/{rel}","templated":true}]}}