{"id":22936,"date":"2024-01-25T14:22:46","date_gmt":"2024-01-25T14:22:46","guid":{"rendered":"http:\/\/cueroamerica.info\/wpnews\/?p=22936"},"modified":"2024-01-25T14:22:47","modified_gmt":"2024-01-25T14:22:47","slug":"el-top-8-de-los-zapatos-del-otono-24-que-se-vieron-en-la-semana-de-la-moda-de-milan","status":"publish","type":"post","link":"http:\/\/cueroamerica.info\/wpnews\/2024\/01\/el-top-8-de-los-zapatos-del-otono-24-que-se-vieron-en-la-semana-de-la-moda-de-milan\/","title":{"rendered":"El top 8 de los zapatos del oto\u00f1o 24 que se vieron en la Semana de la Moda de Mil\u00e1n"},"content":{"rendered":"<p>El evento en la capital de la moda dej\u00f3 en claro que la tendencia en calzado masculino es la vuelta a la elegancia. Llamativamente, no se vio ninguna zapatilla urbana en las pasarelas y en cambio se lucieron los zapatos derby, el calzado formal sin cordones y propuestas disruptivas pero sofisticadas. A continuaci\u00f3n, las propuestas de ocho grandes marcas para el oto\u00f1o 2024.<\/p>\n<table>\n<tbody>\n<tr>\n<td>\n<p><div id=\"attachment_22919\" style=\"width: 190px\" class=\"wp-caption aligncenter\"><a href=\"http:\/\/cueroamerica.info\/wpnews\/wp-content\/uploads\/2024\/01\/Fendi1.jpg\"><img loading=\"lazy\" decoding=\"async\" aria-describedby=\"caption-attachment-22919\" class=\" wp-image-22919\" src=\"http:\/\/cueroamerica.info\/wpnews\/wp-content\/uploads\/2024\/01\/Fendi1-200x300.jpg\" alt=\"\" width=\"180\" height=\"270\" srcset=\"http:\/\/cueroamerica.info\/wpnews\/wp-content\/uploads\/2024\/01\/Fendi1-200x300.jpg 200w, http:\/\/cueroamerica.info\/wpnews\/wp-content\/uploads\/2024\/01\/Fendi1-682x1024.jpg 682w, http:\/\/cueroamerica.info\/wpnews\/wp-content\/uploads\/2024\/01\/Fendi1-768x1152.jpg 768w, http:\/\/cueroamerica.info\/wpnews\/wp-content\/uploads\/2024\/01\/Fendi1-1024x1536.jpg 1024w, http:\/\/cueroamerica.info\/wpnews\/wp-content\/uploads\/2024\/01\/Fendi1.jpg 1333w\" sizes=\"auto, (max-width: 180px) 100vw, 180px\" \/><\/a><p id=\"caption-attachment-22919\" class=\"wp-caption-text\">Fendi<\/p><\/div><\/td>\n<td>\n<p><div id=\"attachment_22920\" style=\"width: 190px\" class=\"wp-caption aligncenter\"><a href=\"http:\/\/cueroamerica.info\/wpnews\/wp-content\/uploads\/2024\/01\/JW-Anderson2.jpg\"><img loading=\"lazy\" decoding=\"async\" aria-describedby=\"caption-attachment-22920\" class=\" wp-image-22920\" src=\"http:\/\/cueroamerica.info\/wpnews\/wp-content\/uploads\/2024\/01\/JW-Anderson2-200x300.jpg\" alt=\"\" width=\"180\" height=\"270\" srcset=\"http:\/\/cueroamerica.info\/wpnews\/wp-content\/uploads\/2024\/01\/JW-Anderson2-200x300.jpg 200w, http:\/\/cueroamerica.info\/wpnews\/wp-content\/uploads\/2024\/01\/JW-Anderson2.jpg 666w\" sizes=\"auto, (max-width: 180px) 100vw, 180px\" \/><\/a><p id=\"caption-attachment-22920\" class=\"wp-caption-text\">JW Anderson<\/p><\/div><\/td>\n<td>\n<p><div id=\"attachment_22921\" style=\"width: 190px\" class=\"wp-caption aligncenter\"><a href=\"http:\/\/cueroamerica.info\/wpnews\/wp-content\/uploads\/2024\/01\/Milan-Shoes-_1-ab.jpg\"><img loading=\"lazy\" decoding=\"async\" aria-describedby=\"caption-attachment-22921\" class=\"wp-image-22921\" src=\"http:\/\/cueroamerica.info\/wpnews\/wp-content\/uploads\/2024\/01\/Milan-Shoes-_1-ab-200x300.jpg\" alt=\"\" width=\"180\" height=\"270\" srcset=\"http:\/\/cueroamerica.info\/wpnews\/wp-content\/uploads\/2024\/01\/Milan-Shoes-_1-ab-200x300.jpg 200w, http:\/\/cueroamerica.info\/wpnews\/wp-content\/uploads\/2024\/01\/Milan-Shoes-_1-ab-682x1024.jpg 682w, http:\/\/cueroamerica.info\/wpnews\/wp-content\/uploads\/2024\/01\/Milan-Shoes-_1-ab-768x1152.jpg 768w, http:\/\/cueroamerica.info\/wpnews\/wp-content\/uploads\/2024\/01\/Milan-Shoes-_1-ab-1024x1536.jpg 1024w, http:\/\/cueroamerica.info\/wpnews\/wp-content\/uploads\/2024\/01\/Milan-Shoes-_1-ab.jpg 1333w\" sizes=\"auto, (max-width: 180px) 100vw, 180px\" \/><\/a><p id=\"caption-attachment-22921\" class=\"wp-caption-text\">Gucci<\/p><\/div><\/td>\n<\/tr>\n<\/tbody>\n<\/table>\n<p>Gucci, la marca italiana que es sin\u00f3nimo de elegancia, present\u00f3 su primera colecci\u00f3n dirigida por Sabato de Sarno. El director creativo de la empresa le dio el protagonismo al mocas\u00edn Horsebit con plataforma. Este mocas\u00edn lleva una base inspirada en una enredadera hecha en caucho, herrajes plateados con forma de caballo y una placa plateada con el nombre de la compa\u00f1\u00eda en el frente. Los colores fueron beige, marr\u00f3n, negro y rojo.<\/p>\n<div id=\"attachment_22925\" style=\"width: 255px\" class=\"wp-caption alignright\"><a href=\"http:\/\/cueroamerica.info\/wpnews\/wp-content\/uploads\/2024\/01\/Stuart-Weitzman1.jpg\"><img loading=\"lazy\" decoding=\"async\" aria-describedby=\"caption-attachment-22925\" class=\" wp-image-22925\" src=\"http:\/\/cueroamerica.info\/wpnews\/wp-content\/uploads\/2024\/01\/Stuart-Weitzman1-300x200.jpg\" alt=\"\" width=\"245\" height=\"163\" srcset=\"http:\/\/cueroamerica.info\/wpnews\/wp-content\/uploads\/2024\/01\/Stuart-Weitzman1-300x200.jpg 300w, http:\/\/cueroamerica.info\/wpnews\/wp-content\/uploads\/2024\/01\/Stuart-Weitzman1-1024x683.jpg 1024w, http:\/\/cueroamerica.info\/wpnews\/wp-content\/uploads\/2024\/01\/Stuart-Weitzman1-768x512.jpg 768w, http:\/\/cueroamerica.info\/wpnews\/wp-content\/uploads\/2024\/01\/Stuart-Weitzman1.jpg 1125w\" sizes=\"auto, (max-width: 245px) 100vw, 245px\" \/><\/a><p id=\"caption-attachment-22925\" class=\"wp-caption-text\">Stuart Weitzman<\/p><\/div>\n<p>El dise\u00f1ador de MSGM Massimo Giorgetti sorprendi\u00f3 con su versi\u00f3n de merceditas hechas para hombres. El nuevo dise\u00f1o est\u00e1 fabricado en piel de becerro cepillada con puntera redonda y suela dentada. Una importante hebilla de metal con el logo de la marca rematan el calzado. Combinado con medias blancas o negras, este zapato viene en color negro y en una osada versi\u00f3n con ojales de metal plateado.<\/p>\n<p>Fendi, del grupo franc\u00e9s LVMH, se inspir\u00f3 en la campi\u00f1a escocesa para dise\u00f1ar su colecci\u00f3n masculina oto\u00f1o \/ invierno 2024. El modelo acompa\u00f1\u00f3 las botas de lluvia con una falda pantal\u00f3n plisada al estilo pollera escocesa pero estilizada con cuero. Las botas Wellington estaban confeccionadas en cuero flor con una variada combinaci\u00f3n de colores y materiales.<\/p>\n<div id=\"attachment_22922\" style=\"width: 255px\" class=\"wp-caption alignleft\"><a href=\"http:\/\/cueroamerica.info\/wpnews\/wp-content\/uploads\/2024\/01\/Prada1.jpg\"><img loading=\"lazy\" decoding=\"async\" aria-describedby=\"caption-attachment-22922\" class=\" wp-image-22922\" src=\"http:\/\/cueroamerica.info\/wpnews\/wp-content\/uploads\/2024\/01\/Prada1-300x196.jpg\" alt=\"\" width=\"245\" height=\"160\" srcset=\"http:\/\/cueroamerica.info\/wpnews\/wp-content\/uploads\/2024\/01\/Prada1-300x196.jpg 300w, http:\/\/cueroamerica.info\/wpnews\/wp-content\/uploads\/2024\/01\/Prada1-1024x669.jpg 1024w, http:\/\/cueroamerica.info\/wpnews\/wp-content\/uploads\/2024\/01\/Prada1-768x502.jpg 768w, http:\/\/cueroamerica.info\/wpnews\/wp-content\/uploads\/2024\/01\/Prada1.jpg 1194w\" sizes=\"auto, (max-width: 245px) 100vw, 245px\" \/><\/a><p id=\"caption-attachment-22922\" class=\"wp-caption-text\">Prada<\/p><\/div>\n<p>El dise\u00f1ador Jonathan Anderson present\u00f3 una versi\u00f3n actualizada de sus exclusivas mules sin cordones. El creativo se inspir\u00f3 en las obras de arte de Christine Kubrick y los provocativos interiores de \u201cEyes Wide Shut\u201d para adornar el calzado con borlas de cuero de gran tama\u00f1o.<\/p>\n<p>Stuart Weitzman, la marca de zapatos de lujo, present\u00f3 tres colecciones: Club, Premiere y Resort. Con modelos sumamente elegantes, la marca opt\u00f3 por las terminaciones en punta en color negro. Santoni, por su parte, se inclin\u00f3 por el bot\u00edn cl\u00e1sico con cordones en tonos marrones y suela flexible.<\/p>\n<div id=\"attachment_22927\" style=\"width: 240px\" class=\"wp-caption alignright\"><a href=\"http:\/\/cueroamerica.info\/wpnews\/wp-content\/uploads\/2024\/01\/Tod_s1.jpg\"><img loading=\"lazy\" decoding=\"async\" aria-describedby=\"caption-attachment-22927\" class=\"wp-image-22927 \" src=\"http:\/\/cueroamerica.info\/wpnews\/wp-content\/uploads\/2024\/01\/Tod_s1-e1706192355295-300x300.jpg\" alt=\"\" width=\"230\" height=\"230\" srcset=\"http:\/\/cueroamerica.info\/wpnews\/wp-content\/uploads\/2024\/01\/Tod_s1-e1706192355295-300x300.jpg 300w, http:\/\/cueroamerica.info\/wpnews\/wp-content\/uploads\/2024\/01\/Tod_s1-e1706192355295-150x150.jpg 150w, http:\/\/cueroamerica.info\/wpnews\/wp-content\/uploads\/2024\/01\/Tod_s1-e1706192355295-768x765.jpg 768w, http:\/\/cueroamerica.info\/wpnews\/wp-content\/uploads\/2024\/01\/Tod_s1-e1706192355295-90x90.jpg 90w, http:\/\/cueroamerica.info\/wpnews\/wp-content\/uploads\/2024\/01\/Tod_s1-e1706192355295.jpg 1001w\" sizes=\"auto, (max-width: 230px) 100vw, 230px\" \/><\/a><p id=\"caption-attachment-22927\" class=\"wp-caption-text\">Tod&#8217;s<\/p><\/div>\n<p>Una llamativa presentaci\u00f3n fue la de Prada que llev\u00f3 sandalias estilo pescador en una versi\u00f3n divertida de cuero entrelazado en dos colores. Para este oto\u00f1o \/ invierno, la marca propone los colores blanco y azul cielo, blanco y rosa salm\u00f3n, y blanco y rojo.<\/p>\n<p>Por \u00faltimo Tod\u00b4s llev\u00f3 la \u00faltima versi\u00f3n de su ic\u00f3nica bota W.G. inspirada en el mundo aviador. El calzado est\u00e1 realizado en piel de oveja ribeteada con pelo largo.<br \/>\n&#8212;&#8212;&#8212;&#8212;&#8212;&#8212;&#8212;&#8212;&#8212;&#8212;&#8212;&#8212;&#8212;&#8212;&#8212;&#8212;&#8212;-<br \/>\nFootwear News \/ CueroAm\u00e9rica<\/p>\n<p>&#8212;&#8212;&#8212;&#8212;&#8212;&#8212;&#8212;&#8212;&#8212;&#8212;&#8212;&#8212;&#8212;&#8212;&#8212;&#8211;<br \/>\nPara comunicarse con CueroAm\u00e9rica: <span style=\"color: #3366ff;\"><a style=\"color: #3366ff;\" href=\"mailto:contacto@cueroamerica.com\">contacto@cueroamerica.com<\/a><\/span><\/p>\n<table>\n<tbody>\n<tr>\n<td width=\"300\">\n<div align=\"center\">\n<div align=\"center\"><a href=\"https:\/\/www.aplf.com\/fashion-access-fair-details\/\"><img loading=\"lazy\" decoding=\"async\" class=\"aligncenter\" src=\"\/img\/publicidad\/2023\/fa_2023-03-300x200px.gif\" alt=\"\" width=\"300\" height=\"200\" \/><\/a><\/div>\n<\/div>\n<\/td>\n<td width=\"171\">\n<div align=\"center\"><a href=\"http:\/\/bit.ly\/2q2HjkA\" target=\"_blank\" rel=\"noopener\"><img loading=\"lazy\" decoding=\"async\" class=\"aligncenter\" src=\"\/img\/publicidad\/banner_jn-082016.gif\" width=\"300\" height=\"200\" \/><\/a><\/div>\n<\/td>\n<\/tr>\n<\/tbody>\n<\/table>\n","protected":false},"excerpt":{"rendered":"<p>El evento en la capital de la moda dej\u00f3 en claro que la tendencia en calzado masculino es la vuelta a la elegancia. Llamativamente, no se vio ninguna zapatilla urbana en las pasarelas y en cambio se lucieron los zapatos derby, el calzado formal sin cordones y propuestas disruptivas pero sofisticadas. A continuaci\u00f3n, las propuestas [&hellip;]<\/p>\n","protected":false},"author":4,"featured_media":0,"comment_status":"closed","ping_status":"closed","sticky":false,"template":"","format":"standard","meta":{"footnotes":""},"categories":[69],"tags":[],"class_list":["post-22936","post","type-post","status-publish","format-standard","hentry","category-tendencias-y-moda","count-0","even alt","author-","last"],"_links":{"self":[{"href":"http:\/\/cueroamerica.info\/wpnews\/wp-json\/wp\/v2\/posts\/22936","targetHints":{"allow":["GET"]}}],"collection":[{"href":"http:\/\/cueroamerica.info\/wpnews\/wp-json\/wp\/v2\/posts"}],"about":[{"href":"http:\/\/cueroamerica.info\/wpnews\/wp-json\/wp\/v2\/types\/post"}],"author":[{"embeddable":true,"href":"http:\/\/cueroamerica.info\/wpnews\/wp-json\/wp\/v2\/users\/4"}],"replies":[{"embeddable":true,"href":"http:\/\/cueroamerica.info\/wpnews\/wp-json\/wp\/v2\/comments?post=22936"}],"version-history":[{"count":8,"href":"http:\/\/cueroamerica.info\/wpnews\/wp-json\/wp\/v2\/posts\/22936\/revisions"}],"predecessor-version":[{"id":22944,"href":"http:\/\/cueroamerica.info\/wpnews\/wp-json\/wp\/v2\/posts\/22936\/revisions\/22944"}],"wp:attachment":[{"href":"http:\/\/cueroamerica.info\/wpnews\/wp-json\/wp\/v2\/media?parent=22936"}],"wp:term":[{"taxonomy":"category","embeddable":true,"href":"http:\/\/cueroamerica.info\/wpnews\/wp-json\/wp\/v2\/categories?post=22936"},{"taxonomy":"post_tag","embeddable":true,"href":"http:\/\/cueroamerica.info\/wpnews\/wp-json\/wp\/v2\/tags?post=22936"}],"curies":[{"name":"wp","href":"https:\/\/api.w.org\/{rel}","templated":true}]}}