{"id":22945,"date":"2024-01-25T14:59:33","date_gmt":"2024-01-25T14:59:33","guid":{"rendered":"http:\/\/cueroamerica.info\/wpnews\/?p=22945"},"modified":"2024-01-25T14:59:33","modified_gmt":"2024-01-25T14:59:33","slug":"exporiva-schuhgardabags-celebro-su-50-aniversario-con-con-mas-expositores-y-visitas","status":"publish","type":"post","link":"http:\/\/cueroamerica.info\/wpnews\/2024\/01\/exporiva-schuhgardabags-celebro-su-50-aniversario-con-con-mas-expositores-y-visitas\/","title":{"rendered":"ExpoRiva Schuh&#038;Gardabags celebr\u00f3 su 50 Aniversario con con m\u00e1s expositores y visitas"},"content":{"rendered":"<div id=\"attachment_22908\" style=\"width: 252px\" class=\"wp-caption alignright\"><a href=\"http:\/\/cueroamerica.info\/wpnews\/wp-content\/uploads\/2024\/01\/Expo-Riva-Schuh-Gardabags-1.jpg\"><img loading=\"lazy\" decoding=\"async\" aria-describedby=\"caption-attachment-22908\" class=\" wp-image-22908\" src=\"http:\/\/cueroamerica.info\/wpnews\/wp-content\/uploads\/2024\/01\/Expo-Riva-Schuh-Gardabags-1-300x200.jpg\" alt=\"\" width=\"242\" height=\"161\" srcset=\"http:\/\/cueroamerica.info\/wpnews\/wp-content\/uploads\/2024\/01\/Expo-Riva-Schuh-Gardabags-1-300x200.jpg 300w, http:\/\/cueroamerica.info\/wpnews\/wp-content\/uploads\/2024\/01\/Expo-Riva-Schuh-Gardabags-1-768x512.jpg 768w, http:\/\/cueroamerica.info\/wpnews\/wp-content\/uploads\/2024\/01\/Expo-Riva-Schuh-Gardabags-1.jpg 1000w\" sizes=\"auto, (max-width: 242px) 100vw, 242px\" \/><\/a><p id=\"caption-attachment-22908\" class=\"wp-caption-text\">Expo Riva Schuh &amp; Gardabags.<\/p><\/div>\n<p>La \u00faltima edici\u00f3n del tradicional sal\u00f3n de cuero, calzado y accesorios cont\u00f3 con la participaci\u00f3n de 1.300 expositores, un 15% m\u00e1s que en enero de 2023. El n\u00famero de visitantes fue mayor a lo esperado y casi el 60% de ellos eran altos ejecutivos y \u201cdecision makers\u201d. Brasil fue una de las delegaciones internacionales m\u00e1s numerosas del evento.<\/p>\n<p>La celebraci\u00f3n de los 50 a\u00f1os de Expo Riva Schuh &amp; Gardabags no pudo tener una mejor performance. En su 100\u00b0 edici\u00f3n, el sal\u00f3n aument\u00f3 el n\u00famero de expositores y convoc\u00f3 a 16 asociaciones comerciales de los principales pa\u00edses productores de calzado que debatieron sobre los temas candentes de la industria.<\/p>\n<p><a href=\"http:\/\/cueroamerica.info\/wpnews\/wp-content\/uploads\/2024\/01\/Expo-Riva-Schuh-Gardabags_-18-.jpg\"><img loading=\"lazy\" decoding=\"async\" class=\"alignleft wp-image-22910\" src=\"http:\/\/cueroamerica.info\/wpnews\/wp-content\/uploads\/2024\/01\/Expo-Riva-Schuh-Gardabags_-18--300x200.jpg\" alt=\"\" width=\"246\" height=\"164\" srcset=\"http:\/\/cueroamerica.info\/wpnews\/wp-content\/uploads\/2024\/01\/Expo-Riva-Schuh-Gardabags_-18--300x200.jpg 300w, http:\/\/cueroamerica.info\/wpnews\/wp-content\/uploads\/2024\/01\/Expo-Riva-Schuh-Gardabags_-18--768x512.jpg 768w, http:\/\/cueroamerica.info\/wpnews\/wp-content\/uploads\/2024\/01\/Expo-Riva-Schuh-Gardabags_-18-.jpg 1000w\" sizes=\"auto, (max-width: 246px) 100vw, 246px\" \/><\/a>Los 1.300 exhibidores que participaron recibieron la visita de 9.000 compradores y miembros del sector en un momento en que el mercado enfrenta m\u00faltiples desaf\u00edos. El 80% de los visitantes llegaron de pa\u00edses europeos y el 20% de otras naciones que no pertenecen a la UE.<\/p>\n<p>Hubo una gran participaci\u00f3n de italianos, brit\u00e1nicos y polacos aunque cay\u00f3 la presencia de alemanes y franceses, hecho que refleja el declive en las econom\u00edas de esos pa\u00edses. Del total de visitantes, el 30.4% pertenec\u00eda al sector minorista, el 19,3% a distribuidores, el 5,2% lo aport\u00f3 el sector del e-commerce y los fabricantes, el 15,5%. El 58,9% de quienes asistieron a la feria eran tomadores de decisiones.<\/p>\n<p><a href=\"http:\/\/cueroamerica.info\/wpnews\/wp-content\/uploads\/2024\/01\/Expo-Riva-Schuh-Gardabags_-11.jpg\"><img loading=\"lazy\" decoding=\"async\" class=\" wp-image-22909 alignright\" src=\"http:\/\/cueroamerica.info\/wpnews\/wp-content\/uploads\/2024\/01\/Expo-Riva-Schuh-Gardabags_-11-300x200.jpg\" alt=\"\" width=\"245\" height=\"163\" srcset=\"http:\/\/cueroamerica.info\/wpnews\/wp-content\/uploads\/2024\/01\/Expo-Riva-Schuh-Gardabags_-11-300x200.jpg 300w, http:\/\/cueroamerica.info\/wpnews\/wp-content\/uploads\/2024\/01\/Expo-Riva-Schuh-Gardabags_-11-768x512.jpg 768w, http:\/\/cueroamerica.info\/wpnews\/wp-content\/uploads\/2024\/01\/Expo-Riva-Schuh-Gardabags_-11.jpg 1000w\" sizes=\"auto, (max-width: 245px) 100vw, 245px\" \/><\/a>Esta edici\u00f3n de Expo Riva Schuh &amp; Gardabags fue muy especial porque se celebraban los 50 a\u00f1os del evento. En virtud de este aniversario, la organizaci\u00f3n prepar\u00f3 una serie de festividades para la Noche de Celebraci\u00f3n. \u201cUn momento inolvidable y extraordinario\u201d defini\u00f3 Alessandra Albarelli, General Manager de Riva del Garda Fierecongressi.<\/p>\n<p>Brasil fue una de las delegaciones internacionales m\u00e1s numerosas y concret\u00f3 la venta de 223.000 pares de calzado que gener\u00f3 un volumen de negocios de US$ 4,1 millones. Si a esto se suman las expectativas de ventas a futuro a ra\u00edz de la participaci\u00f3n en la feria, la cifra asciende a 1,2 millones de pares y US$ 19,6 millones.<br \/>\n&#8212;&#8212;&#8212;&#8212;&#8212;&#8212;&#8212;&#8212;&#8212;&#8212;&#8212;&#8212;&#8212;&#8212;&#8212;&#8212;&#8212;&#8212;&#8212;&#8212;&#8212;&#8212;<br \/>\nExpo Riva Schuh &amp; Gardabags \/ CueroAm\u00e9rica<\/p>\n<p>&#8212;&#8212;&#8212;&#8212;&#8212;&#8212;&#8212;&#8212;&#8212;&#8212;&#8212;&#8212;&#8212;&#8212;&#8212;&#8211;<br \/>\nPara comunicarse con CueroAm\u00e9rica: <span style=\"color: #3366ff;\"><a style=\"color: #3366ff;\" href=\"mailto:contacto@cueroamerica.com\">contacto@cueroamerica.com<\/a><\/span><\/p>\n<table>\n<tbody>\n<tr>\n<td width=\"300\">\n<div align=\"center\"><a href=\"https:\/\/www.pellital.com.ar\" target=\"_blank\" rel=\"noopener\"><img loading=\"lazy\" decoding=\"async\" class=\"aligncenter\" src=\"http:\/\/cueroamerica.info\/img\/publicidad\/2023\/aviso300x200_1a.jpg\" alt=\"\" width=\"300\" height=\"200\" \/><\/a><\/div>\n<\/td>\n<td width=\"171\">\n<div align=\"center\"><a href=\"https:\/\/www.aplf.com\/aplf-2024\/materials-fair-details\/\" target=\"_blank\" rel=\"noopener\"><img loading=\"lazy\" decoding=\"async\" class=\"aligncenter\" src=\"\/img\/publicidad\/2023\/mat_2023-03-300x200px.gif\" width=\"300\" height=\"200\" \/><\/a><\/div>\n<\/td>\n<\/tr>\n<\/tbody>\n<\/table>\n","protected":false},"excerpt":{"rendered":"<p>La \u00faltima edici\u00f3n del tradicional sal\u00f3n de cuero, calzado y accesorios cont\u00f3 con la participaci\u00f3n de 1.300 expositores, un 15% m\u00e1s que en enero de 2023. El n\u00famero de visitantes fue mayor a lo esperado y casi el 60% de ellos eran altos ejecutivos y \u201cdecision makers\u201d. Brasil fue una de las delegaciones internacionales m\u00e1s [&hellip;]<\/p>\n","protected":false},"author":4,"featured_media":0,"comment_status":"closed","ping_status":"closed","sticky":false,"template":"","format":"standard","meta":{"footnotes":""},"categories":[66],"tags":[],"class_list":["post-22945","post","type-post","status-publish","format-standard","hentry","category-ferias-realizadas","count-0","even alt","author-","last"],"_links":{"self":[{"href":"http:\/\/cueroamerica.info\/wpnews\/wp-json\/wp\/v2\/posts\/22945","targetHints":{"allow":["GET"]}}],"collection":[{"href":"http:\/\/cueroamerica.info\/wpnews\/wp-json\/wp\/v2\/posts"}],"about":[{"href":"http:\/\/cueroamerica.info\/wpnews\/wp-json\/wp\/v2\/types\/post"}],"author":[{"embeddable":true,"href":"http:\/\/cueroamerica.info\/wpnews\/wp-json\/wp\/v2\/users\/4"}],"replies":[{"embeddable":true,"href":"http:\/\/cueroamerica.info\/wpnews\/wp-json\/wp\/v2\/comments?post=22945"}],"version-history":[{"count":2,"href":"http:\/\/cueroamerica.info\/wpnews\/wp-json\/wp\/v2\/posts\/22945\/revisions"}],"predecessor-version":[{"id":22947,"href":"http:\/\/cueroamerica.info\/wpnews\/wp-json\/wp\/v2\/posts\/22945\/revisions\/22947"}],"wp:attachment":[{"href":"http:\/\/cueroamerica.info\/wpnews\/wp-json\/wp\/v2\/media?parent=22945"}],"wp:term":[{"taxonomy":"category","embeddable":true,"href":"http:\/\/cueroamerica.info\/wpnews\/wp-json\/wp\/v2\/categories?post=22945"},{"taxonomy":"post_tag","embeddable":true,"href":"http:\/\/cueroamerica.info\/wpnews\/wp-json\/wp\/v2\/tags?post=22945"}],"curies":[{"name":"wp","href":"https:\/\/api.w.org\/{rel}","templated":true}]}}