{"id":22974,"date":"2024-02-01T13:20:33","date_gmt":"2024-02-01T13:20:33","guid":{"rendered":"http:\/\/cueroamerica.info\/wpnews\/?p=22974"},"modified":"2024-02-01T13:20:33","modified_gmt":"2024-02-01T13:20:33","slug":"inspiramais-presento-nuevas-materias-primas-y-materiales-para-el-sector-indumentaria","status":"publish","type":"post","link":"http:\/\/cueroamerica.info\/wpnews\/2024\/02\/inspiramais-presento-nuevas-materias-primas-y-materiales-para-el-sector-indumentaria\/","title":{"rendered":"Inspiramais present\u00f3 nuevas materias primas y materiales para el sector indumentaria"},"content":{"rendered":"<p><a href=\"http:\/\/cueroamerica.info\/wpnews\/wp-content\/uploads\/2024\/02\/3-.jpg\"><img loading=\"lazy\" decoding=\"async\" class=\" wp-image-22965 alignright\" src=\"http:\/\/cueroamerica.info\/wpnews\/wp-content\/uploads\/2024\/02\/3--300x195.jpg\" alt=\"\" width=\"242\" height=\"157\" srcset=\"http:\/\/cueroamerica.info\/wpnews\/wp-content\/uploads\/2024\/02\/3--300x195.jpg 300w, http:\/\/cueroamerica.info\/wpnews\/wp-content\/uploads\/2024\/02\/3--1024x666.jpg 1024w, http:\/\/cueroamerica.info\/wpnews\/wp-content\/uploads\/2024\/02\/3--768x500.jpg 768w, http:\/\/cueroamerica.info\/wpnews\/wp-content\/uploads\/2024\/02\/3-.jpg 1170w\" sizes=\"auto, (max-width: 242px) 100vw, 242px\" \/><\/a>La 29\u00aa edici\u00f3n de Inspiramais, una feria brasilera cuyo objetivo es presentar materias primas y componentes innovadores y sostenibles para las industrias del calzado, confecciones, muebles y bisuter\u00eda, se realiz\u00f3 los d\u00edas 23 y 24 de enero pasado en Porto Alegre, capital del estado de Rio Grande do Sul. El sal\u00f3n, que present\u00f3 a unos 150 expositores de todo Brasil, mostr\u00f3 la fuerza y la uni\u00f3n de la cadena de producci\u00f3n de moda del pa\u00eds y logr\u00f3 una muy importante presencia de fabricantes y dise\u00f1adores locales y de diversos pa\u00edses de la regi\u00f3n.<\/p>\n<div id=\"attachment_22970\" style=\"width: 193px\" class=\"wp-caption alignleft\"><a href=\"http:\/\/cueroamerica.info\/wpnews\/wp-content\/uploads\/2024\/02\/Gerson-Berwanger-presidente-de-Assintecal.-_2_.jpg\"><img loading=\"lazy\" decoding=\"async\" aria-describedby=\"caption-attachment-22970\" class=\" wp-image-22970\" src=\"http:\/\/cueroamerica.info\/wpnews\/wp-content\/uploads\/2024\/02\/Gerson-Berwanger-presidente-de-Assintecal.-_2_-262x300.jpg\" alt=\"\" width=\"183\" height=\"210\" srcset=\"http:\/\/cueroamerica.info\/wpnews\/wp-content\/uploads\/2024\/02\/Gerson-Berwanger-presidente-de-Assintecal.-_2_-262x300.jpg 262w, http:\/\/cueroamerica.info\/wpnews\/wp-content\/uploads\/2024\/02\/Gerson-Berwanger-presidente-de-Assintecal.-_2_.jpg 296w\" sizes=\"auto, (max-width: 183px) 100vw, 183px\" \/><\/a><p id=\"caption-attachment-22970\" class=\"wp-caption-text\">Gerson Berwanger, presidente de Assintecal.<\/p><\/div>\n<p>En una rueda de prensa -que inaugur\u00f3 oficialmente el sal\u00f3n-, el presidente de Assintecal, Gerson Berwanger, se\u00f1al\u00f3 que, si la cadena de producci\u00f3n de moda brasile\u00f1a es una de las m\u00e1s fuertes del mundo, es porque est\u00e1 integrada por asociaciones que, unidas, trabajan por el desarrollo y la competitividad del sector.<\/p>\n<p>\u201cLos materiales que aqu\u00ed se presentan son los pilares de la industria de la moda. La uni\u00f3n, representada por Inspiramais, de diferentes sectores, demuestra toda nuestra fuerza en la lucha por mejores condiciones competitivas. Como digo, es la industria la que salvar\u00e1 a Brasil y para que eso suceda necesitamos estar unidos\u201d, coment\u00f3, destacando temas importantes como el fin de la exenci\u00f3n de impuestos a la importaci\u00f3n para env\u00edos de hasta US $50 realizados por las plataformas digitales internacionales. Sobre el sal\u00f3n, Berwanger destac\u00f3 la calidad, variedad y sostenibilidad de los productos presentados, lo que permite la creaci\u00f3n de una moda genuinamente brasile\u00f1a.<\/p>\n<div id=\"attachment_22961\" style=\"width: 198px\" class=\"wp-caption alignright\"><a href=\"http:\/\/cueroamerica.info\/wpnews\/wp-content\/uploads\/2024\/02\/Silvana-Dilly-directora-ejecutiva-de-ASSINTECAL..-_2-b-.jpg\"><img loading=\"lazy\" decoding=\"async\" aria-describedby=\"caption-attachment-22961\" class=\" wp-image-22961\" src=\"http:\/\/cueroamerica.info\/wpnews\/wp-content\/uploads\/2024\/02\/Silvana-Dilly-directora-ejecutiva-de-ASSINTECAL..-_2-b-.jpg\" alt=\"\" width=\"188\" height=\"200\" \/><\/a><p id=\"caption-attachment-22961\" class=\"wp-caption-text\">Silvana Dilly, directora ejecutiva de ASSINTECAL.<\/p><\/div>\n<p>En la rueda de prensa Silvana Dilly, superintendente de Assintecal, destac\u00f3 que la sostenibilidad no solo est\u00e1 en el discurso. \u201cInspiramais nace con el objetivo de dirigir toda la cadena productiva nacional de la moda para una producci\u00f3n sostenible no solo en el pilar ambiental, sino tambi\u00e9n econ\u00f3mica y social\u201d, explic\u00f3. Seg\u00fan la ejecutiva, prueba de ello son los stands estandarizados, que permiten a las empresas invertir efectivamente en sus \u201cgrandes estrellas\u201d que son los productos, entre otras acciones.<\/p>\n<p>Asimismo Silvana Dilly anunci\u00f3 la pr\u00f3xima acci\u00f3n de Origen Sostenible, un programa de certificaci\u00f3n de sostenibilidad para empresas de la cadena de producci\u00f3n de calzado mantenido por Assintecal en alianza con la Asociaci\u00f3n Brasile\u00f1a de Industrias de Calzados (Abical\u00e7ados). Ser\u00e1 un seminario del programa que se realizar\u00e1 el 8 de julio, en Porto Alegre, antes de la pr\u00f3xima edici\u00f3n de Inspiramais.<\/p>\n<p><a href=\"http:\/\/cueroamerica.info\/wpnews\/wp-content\/uploads\/2024\/02\/2024.jpg\"><img loading=\"lazy\" decoding=\"async\" class=\"alignleft  wp-image-22967\" src=\"http:\/\/cueroamerica.info\/wpnews\/wp-content\/uploads\/2024\/02\/2024-300x135.jpg\" alt=\"\" width=\"247\" height=\"111\" srcset=\"http:\/\/cueroamerica.info\/wpnews\/wp-content\/uploads\/2024\/02\/2024-300x135.jpg 300w, http:\/\/cueroamerica.info\/wpnews\/wp-content\/uploads\/2024\/02\/2024-768x346.jpg 768w, http:\/\/cueroamerica.info\/wpnews\/wp-content\/uploads\/2024\/02\/2024.jpg 800w\" sizes=\"auto, (max-width: 247px) 100vw, 247px\" \/><\/a>Por su parte Alexandre Birman, CEO de la empresas de calzado Arezzo &amp; Co, estuvo en lanzamiento del proyecto EcoAR, en el que se destacaron trabajos centrados en la sostenibilidad en la cadena de producci\u00f3n de la moda. El proyecto cuent\u00f3 con un espacio en el sal\u00f3n en el que se presentan los ganadores del concurso.<\/p>\n<p>Tambi\u00e9n se lanz\u00f3 el nuevo logotipo del programa de internacionalizaci\u00f3n de Assintecal en asociaci\u00f3n con la Agencia Brasile\u00f1a de Promoci\u00f3n de Exportaciones e Inversiones (ApexBrasil). Brazilian Materials, que planea invertir en acciones de promoci\u00f3n comercial e imagen en los pr\u00f3ximos dos a\u00f1os, reemplaz\u00f3 el By Brasil Components, Machinery and Chemicals. \u00abEn estos m\u00e1s de 20 a\u00f1os de asociaci\u00f3n con Assintecal, hemos calificados las exportaciones y fortalecido la industria brasile\u00f1a de componentes. El nuevo logo refleja, ahora el compromiso de seguir este camino y hacer del sector una referencia de sostenibilidad y calidad para el mundo\u201d, dijo Clara Santos, analista de Proyectos Internacionales de ApexBrasil.<\/p>\n<div id=\"attachment_22969\" style=\"width: 253px\" class=\"wp-caption alignright\"><a href=\"http:\/\/cueroamerica.info\/wpnews\/wp-content\/uploads\/2024\/02\/El-disenador-Walter-Rodrigues-en-su-habitual-conferencia-sobre-las-tendencias-de-moda.-.jpg\"><img loading=\"lazy\" decoding=\"async\" aria-describedby=\"caption-attachment-22969\" class=\" wp-image-22969\" src=\"http:\/\/cueroamerica.info\/wpnews\/wp-content\/uploads\/2024\/02\/El-disenador-Walter-Rodrigues-en-su-habitual-conferencia-sobre-las-tendencias-de-moda.--300x200.jpg\" alt=\"\" width=\"243\" height=\"162\" srcset=\"http:\/\/cueroamerica.info\/wpnews\/wp-content\/uploads\/2024\/02\/El-disenador-Walter-Rodrigues-en-su-habitual-conferencia-sobre-las-tendencias-de-moda.--300x200.jpg 300w, http:\/\/cueroamerica.info\/wpnews\/wp-content\/uploads\/2024\/02\/El-disenador-Walter-Rodrigues-en-su-habitual-conferencia-sobre-las-tendencias-de-moda.--768x511.jpg 768w, http:\/\/cueroamerica.info\/wpnews\/wp-content\/uploads\/2024\/02\/El-disenador-Walter-Rodrigues-en-su-habitual-conferencia-sobre-las-tendencias-de-moda.-.jpg 1000w\" sizes=\"auto, (max-width: 243px) 100vw, 243px\" \/><\/a><p id=\"caption-attachment-22969\" class=\"wp-caption-text\">El dise\u00f1ador Walter Rodrigues, en su habitual conferencia sobre las tendencias de moda.<\/p><\/div>\n<p>Inspiramais es organizada por Assintecal, la Asociaci\u00f3n Brasile\u00f1a de las Empresas de Componentes de Cuero, Calzados y Artefactos, en asociaci\u00f3n con el Centro de las Industrias de Curtidos de Brasil (CICB), la Asociaci\u00f3n Brasile\u00f1a de la Industria Textil y de Confecci\u00f3n (ABIT) y la Asociaci\u00f3n Brasile\u00f1a de Industrias de Muebles (ABIM\u00d3VEL).<br \/>\n&#8212;&#8212;&#8212;&#8212;&#8212;&#8212;&#8212;&#8212;&#8212;&#8212;&#8212;&#8212;&#8212;-<br \/>\nAssintecal \/ CuroAm\u00e9rica<\/p>\n<p>&#8212;&#8212;&#8212;&#8212;&#8212;&#8212;&#8212;&#8212;&#8212;&#8212;&#8212;&#8212;&#8212;&#8212;&#8212;&#8211;<br \/>\nPara comunicarse con CueroAm\u00e9rica: <span style=\"color: #3366ff;\"><a style=\"color: #3366ff;\" href=\"mailto:contacto@cueroamerica.com\">contacto@cueroamerica.com<\/a><\/span><\/p>\n<table>\n<tbody>\n<tr>\n<td width=\"300\">\n<div align=\"center\"><a href=\"https:\/\/www.pellital.com.ar\" target=\"_blank\" rel=\"noopener\"><img loading=\"lazy\" decoding=\"async\" class=\"aligncenter\" src=\"http:\/\/cueroamerica.info\/img\/publicidad\/2023\/aviso300x200_1a.jpg\" alt=\"\" width=\"300\" height=\"200\" \/><\/a><\/div>\n<\/td>\n<td width=\"171\">\n<div align=\"center\"><a href=\"https:\/\/www.aplf.com\/aplf-2024\/materials-fair-details\/\" target=\"_blank\" rel=\"noopener\"><img loading=\"lazy\" decoding=\"async\" class=\"aligncenter\" src=\"\/img\/publicidad\/2023\/mat_2023-03-300x200px.gif\" width=\"300\" height=\"200\" \/><\/a><\/div>\n<\/td>\n<\/tr>\n<\/tbody>\n<\/table>\n","protected":false},"excerpt":{"rendered":"<p>La 29\u00aa edici\u00f3n de Inspiramais, una feria brasilera cuyo objetivo es presentar materias primas y componentes innovadores y sostenibles para las industrias del calzado, confecciones, muebles y bisuter\u00eda, se realiz\u00f3 los d\u00edas 23 y 24 de enero pasado en Porto Alegre, capital del estado de Rio Grande do Sul. El sal\u00f3n, que present\u00f3 a unos [&hellip;]<\/p>\n","protected":false},"author":4,"featured_media":0,"comment_status":"closed","ping_status":"closed","sticky":false,"template":"","format":"standard","meta":{"footnotes":""},"categories":[66],"tags":[],"class_list":["post-22974","post","type-post","status-publish","format-standard","hentry","category-ferias-realizadas","count-0","even alt","author-","last"],"_links":{"self":[{"href":"http:\/\/cueroamerica.info\/wpnews\/wp-json\/wp\/v2\/posts\/22974","targetHints":{"allow":["GET"]}}],"collection":[{"href":"http:\/\/cueroamerica.info\/wpnews\/wp-json\/wp\/v2\/posts"}],"about":[{"href":"http:\/\/cueroamerica.info\/wpnews\/wp-json\/wp\/v2\/types\/post"}],"author":[{"embeddable":true,"href":"http:\/\/cueroamerica.info\/wpnews\/wp-json\/wp\/v2\/users\/4"}],"replies":[{"embeddable":true,"href":"http:\/\/cueroamerica.info\/wpnews\/wp-json\/wp\/v2\/comments?post=22974"}],"version-history":[{"count":4,"href":"http:\/\/cueroamerica.info\/wpnews\/wp-json\/wp\/v2\/posts\/22974\/revisions"}],"predecessor-version":[{"id":22978,"href":"http:\/\/cueroamerica.info\/wpnews\/wp-json\/wp\/v2\/posts\/22974\/revisions\/22978"}],"wp:attachment":[{"href":"http:\/\/cueroamerica.info\/wpnews\/wp-json\/wp\/v2\/media?parent=22974"}],"wp:term":[{"taxonomy":"category","embeddable":true,"href":"http:\/\/cueroamerica.info\/wpnews\/wp-json\/wp\/v2\/categories?post=22974"},{"taxonomy":"post_tag","embeddable":true,"href":"http:\/\/cueroamerica.info\/wpnews\/wp-json\/wp\/v2\/tags?post=22974"}],"curies":[{"name":"wp","href":"https:\/\/api.w.org\/{rel}","templated":true}]}}