{"id":23457,"date":"2024-04-30T19:55:47","date_gmt":"2024-04-30T19:55:47","guid":{"rendered":"http:\/\/cueroamerica.info\/wpnews\/?p=23457"},"modified":"2024-04-30T19:55:47","modified_gmt":"2024-04-30T19:55:47","slug":"el-brazilian-footwear-show-presenta-mas-de-270-marcas-en-su-edicion-de-san-pablo","status":"publish","type":"post","link":"http:\/\/cueroamerica.info\/wpnews\/2024\/04\/el-brazilian-footwear-show-presenta-mas-de-270-marcas-en-su-edicion-de-san-pablo\/","title":{"rendered":"El Brazilian Footwear Show presenta m\u00e1s de 270 marcas en su edici\u00f3n de San Pablo"},"content":{"rendered":"<p><a href=\"http:\/\/cueroamerica.info\/wpnews\/wp-content\/uploads\/2024\/04\/BFSHOW.jpg\"><img loading=\"lazy\" decoding=\"async\" class=\"alignleft wp-image-23432\" src=\"http:\/\/cueroamerica.info\/wpnews\/wp-content\/uploads\/2024\/04\/BFSHOW-300x200.jpg\" alt=\"\" width=\"248\" height=\"165\" srcset=\"http:\/\/cueroamerica.info\/wpnews\/wp-content\/uploads\/2024\/04\/BFSHOW-300x200.jpg 300w, http:\/\/cueroamerica.info\/wpnews\/wp-content\/uploads\/2024\/04\/BFSHOW-768x512.jpg 768w, http:\/\/cueroamerica.info\/wpnews\/wp-content\/uploads\/2024\/04\/BFSHOW.jpg 1000w\" sizes=\"auto, (max-width: 248px) 100vw, 248px\" \/><\/a>Entre el 21 y 23 de mayo se realizar\u00e1 en San Pablo, la segunda edici\u00f3n de esta nueva feria de la industria del calzado de Brasil. El evento convocar\u00e1 a los responsables del 80% de la producci\u00f3n de calzado del pa\u00eds que ronda los 900 millones de pares anuales. El BFShow es organizado por Abical\u00e7ados, la asociaci\u00f3n de la industria del calzado de Brasil.<\/p>\n<p>La segunda edici\u00f3n de BF Show genera gran expectativa entre los referentes de la industria del calzado. Luego de una exitosa primera edici\u00f3n, la feria de mayo reunir\u00e1 a empresas de todos los tama\u00f1os, nichos y polos de calzados de Brasil.<\/p>\n<p><a href=\"http:\/\/cueroamerica.info\/wpnews\/wp-content\/uploads\/2024\/04\/BFSHOW-1.jpg\"><img loading=\"lazy\" decoding=\"async\" class=\" wp-image-23429 alignright\" src=\"http:\/\/cueroamerica.info\/wpnews\/wp-content\/uploads\/2024\/04\/BFSHOW-1-300x200.jpg\" alt=\"\" width=\"248\" height=\"165\" srcset=\"http:\/\/cueroamerica.info\/wpnews\/wp-content\/uploads\/2024\/04\/BFSHOW-1-300x200.jpg 300w, http:\/\/cueroamerica.info\/wpnews\/wp-content\/uploads\/2024\/04\/BFSHOW-1-768x511.jpg 768w, http:\/\/cueroamerica.info\/wpnews\/wp-content\/uploads\/2024\/04\/BFSHOW-1.jpg 1000w\" sizes=\"auto, (max-width: 248px) 100vw, 248px\" \/><\/a>Adem\u00e1s de la presencia de grandes empresas como Alpargatas, Cal\u00e7ados Beira Rio, Grendene y Vulcabras, en el evento participar\u00e1n micro y peque\u00f1as empresas con gran potencial de crecimiento. Marco Copetti, gerente regional de la Sebrae, Ca\u00ed y Paranhana -entidad de asistencia a las empresas-, se\u00f1al\u00f3 que \u201cla presencia de estas empresas en un evento de la dimensi\u00f3n de BF Show hace m\u00e1s que generar negocios, las ayuda a adoptar estrategias de desarrollo en t\u00e9rminos de tendencias, precios, productos y otros atributos\u201d.<\/p>\n<p>Por su parte el cluster Franca\/SP, que es el mayor productor de calzado masculino del pa\u00eds, contar\u00e1 con un espacio colectivo integrado por diez empresas. Jo\u00e3o Carlos Brigag\u00e3o, presidente del Sindicato de la Industria de Calzados de Franca (Sindifranca), celebr\u00f3 la presencia de estas firmas y asegur\u00f3 que \u201cla mayor industria nacional fuera de Asia necesitaba tener su propia feria, centrada exactamente en lo que m\u00e1s importa: los buenos negocios nacionales e internacionales\u201d.<\/p>\n<p><a href=\"http:\/\/cueroamerica.info\/wpnews\/wp-content\/uploads\/2024\/04\/BFSHOW-2.jpg\"><img loading=\"lazy\" decoding=\"async\" class=\"alignleft wp-image-23430\" src=\"http:\/\/cueroamerica.info\/wpnews\/wp-content\/uploads\/2024\/04\/BFSHOW-2-300x200.jpg\" alt=\"\" width=\"246\" height=\"164\" srcset=\"http:\/\/cueroamerica.info\/wpnews\/wp-content\/uploads\/2024\/04\/BFSHOW-2-300x200.jpg 300w, http:\/\/cueroamerica.info\/wpnews\/wp-content\/uploads\/2024\/04\/BFSHOW-2-768x512.jpg 768w, http:\/\/cueroamerica.info\/wpnews\/wp-content\/uploads\/2024\/04\/BFSHOW-2.jpg 1000w\" sizes=\"auto, (max-width: 246px) 100vw, 246px\" \/><\/a>En el mismo sentido se manifest\u00f3 Luis Felipe Rodomonte de Souza, presidente del Sindicato de la Industria de Calzados Ja\u00fa (Sindical\u00e7ados Ja\u00fa), quien dijo que \u201cla consolidaci\u00f3n de este evento como la principal feria del sector es incuestionable y las expectativas son a\u00fan mayores para la pr\u00f3xima edici\u00f3n\u201d.<\/p>\n<p>En la feria tambi\u00e9n estar\u00e1n presentes 37 empresas del polo del calzado de Nova Serrana. El presidente del Sindicato Intermunicipal de la Industria de Calzados de Nova Serrana (Sindinova) asegur\u00f3 que \u201ctrasladar la feria a S\u00e3o Paulo generar\u00e1, sin duda, muchos negocios, ya que BF Show se ver\u00e1 fortalecida por su proximidad al mayor mercado consumidor de calzados de Brasil, que est\u00e1 en el sudeste\u201d.<\/p>\n<p>La primera edici\u00f3n se hab\u00eda realizado en Porto Alegre y su mudanza a S\u00e3o Pablo responde a una necesidad del sector. \u201cLa feria fue creada por el mercado y se orient\u00f3 totalmente hacia sus deseos. Por ello, el Comit\u00e9 de Ferias de Abical\u00e7ados decidi\u00f3 trasladar el evento a S\u00e3o Paulo, debido a la mayor facilidad log\u00edstica para que los compradores nacionales e internacionales pudieran asistir\u201d explicaron desde Abical\u00e7ados.<br \/>\n&#8212;&#8212;&#8212;&#8212;&#8212;&#8212;&#8212;&#8212;&#8212;&#8212;&#8212;&#8212;&#8212;&#8212;<br \/>\nAbical\u00e7ados \/ CueroAm\u00e9rica<\/p>\n<p>&#8212;&#8212;&#8212;&#8212;&#8212;&#8212;&#8212;&#8212;<br \/>\nPara comunicarse con CueroAm\u00e9rica: <span style=\"color: #3366ff;\"><a style=\"color: #3366ff;\" href=\"mailto:contacto@cueroamerica.com\">contacto@cueroamerica.com<\/a><\/span><\/p>\n<table>\n<tbody>\n<tr>\n<td width=\"300\"><a href=\"https:\/\/bfshow.com.br\/es\/\" target=\"_blank\" rel=\"noopener\"><img loading=\"lazy\" decoding=\"async\" class=\"aligncenter\" src=\"\/img\/publicidad\/2024\/bfs-0014-23K_banner_ca_v7.png\" alt=\"\" width=\"300\" height=\"300\" \/><\/a><\/td>\n<td width=\"171\"><a href=\"https:\/\/www.pellital.com.ar\" target=\"_blank\" rel=\"noopener\"><img loading=\"lazy\" decoding=\"async\" class=\"aligncenter\" src=\"http:\/\/cueroamerica.info\/img\/publicidad\/2023\/aviso300x300_mesatrabajo2.gif\" alt=\"\" width=\"300\" height=\"300\" \/><\/a><\/td>\n<\/tr>\n<\/tbody>\n<\/table>\n","protected":false},"excerpt":{"rendered":"<p>Entre el 21 y 23 de mayo se realizar\u00e1 en San Pablo, la segunda edici\u00f3n de esta nueva feria de la industria del calzado de Brasil. El evento convocar\u00e1 a los responsables del 80% de la producci\u00f3n de calzado del pa\u00eds que ronda los 900 millones de pares anuales. El BFShow es organizado por Abical\u00e7ados, [&hellip;]<\/p>\n","protected":false},"author":4,"featured_media":0,"comment_status":"closed","ping_status":"closed","sticky":false,"template":"","format":"standard","meta":{"footnotes":""},"categories":[65],"tags":[],"class_list":["post-23457","post","type-post","status-publish","format-standard","hentry","category-ferias-proximas","count-0","even alt","author-","last"],"_links":{"self":[{"href":"http:\/\/cueroamerica.info\/wpnews\/wp-json\/wp\/v2\/posts\/23457","targetHints":{"allow":["GET"]}}],"collection":[{"href":"http:\/\/cueroamerica.info\/wpnews\/wp-json\/wp\/v2\/posts"}],"about":[{"href":"http:\/\/cueroamerica.info\/wpnews\/wp-json\/wp\/v2\/types\/post"}],"author":[{"embeddable":true,"href":"http:\/\/cueroamerica.info\/wpnews\/wp-json\/wp\/v2\/users\/4"}],"replies":[{"embeddable":true,"href":"http:\/\/cueroamerica.info\/wpnews\/wp-json\/wp\/v2\/comments?post=23457"}],"version-history":[{"count":2,"href":"http:\/\/cueroamerica.info\/wpnews\/wp-json\/wp\/v2\/posts\/23457\/revisions"}],"predecessor-version":[{"id":23459,"href":"http:\/\/cueroamerica.info\/wpnews\/wp-json\/wp\/v2\/posts\/23457\/revisions\/23459"}],"wp:attachment":[{"href":"http:\/\/cueroamerica.info\/wpnews\/wp-json\/wp\/v2\/media?parent=23457"}],"wp:term":[{"taxonomy":"category","embeddable":true,"href":"http:\/\/cueroamerica.info\/wpnews\/wp-json\/wp\/v2\/categories?post=23457"},{"taxonomy":"post_tag","embeddable":true,"href":"http:\/\/cueroamerica.info\/wpnews\/wp-json\/wp\/v2\/tags?post=23457"}],"curies":[{"name":"wp","href":"https:\/\/api.w.org\/{rel}","templated":true}]}}