{"id":23571,"date":"2024-05-28T14:53:50","date_gmt":"2024-05-28T14:53:50","guid":{"rendered":"http:\/\/cueroamerica.info\/wpnews\/?p=23571"},"modified":"2024-05-28T16:34:15","modified_gmt":"2024-05-28T16:34:15","slug":"armani-acusada-en-italia-de-explotacion-laboral-al-contratar-fabricas-ilegales-de-bolsos","status":"publish","type":"post","link":"http:\/\/cueroamerica.info\/wpnews\/2024\/05\/armani-acusada-en-italia-de-explotacion-laboral-al-contratar-fabricas-ilegales-de-bolsos\/","title":{"rendered":"Acusan de explotaci\u00f3n laboral a Armani por contratar en  Italia f\u00e1bricas clandestinas"},"content":{"rendered":"<div id=\"attachment_23561\" style=\"width: 256px\" class=\"wp-caption alignright\"><a href=\"http:\/\/cueroamerica.info\/wpnews\/wp-content\/uploads\/2024\/05\/Imagen-del-uno-de-los-talleres-clandestinos-que-contrato-Armani.-_2-bc-.jpg\"><img loading=\"lazy\" decoding=\"async\" aria-describedby=\"caption-attachment-23561\" class=\" wp-image-23561\" src=\"http:\/\/cueroamerica.info\/wpnews\/wp-content\/uploads\/2024\/05\/Imagen-del-uno-de-los-talleres-clandestinos-que-contrato-Armani.-_2-bc--300x180.jpg\" alt=\"\" width=\"246\" height=\"148\" srcset=\"http:\/\/cueroamerica.info\/wpnews\/wp-content\/uploads\/2024\/05\/Imagen-del-uno-de-los-talleres-clandestinos-que-contrato-Armani.-_2-bc--300x180.jpg 300w, http:\/\/cueroamerica.info\/wpnews\/wp-content\/uploads\/2024\/05\/Imagen-del-uno-de-los-talleres-clandestinos-que-contrato-Armani.-_2-bc--768x461.jpg 768w, http:\/\/cueroamerica.info\/wpnews\/wp-content\/uploads\/2024\/05\/Imagen-del-uno-de-los-talleres-clandestinos-que-contrato-Armani.-_2-bc-.jpg 800w\" sizes=\"auto, (max-width: 246px) 100vw, 246px\" \/><\/a><p id=\"caption-attachment-23561\" class=\"wp-caption-text\">Imagen del uno de los talleres clandestinos que contrat\u00f3 Armani.<\/p><\/div>\n<p>La justicia italiana investiga a la firma Armani por presuntas pr\u00e1cticas de explotaci\u00f3n laboral dentro de su red de proveedores. La casa de lujo italiana fue objeto de una investigaci\u00f3n llevada a cabo por la fiscal\u00eda de Mil\u00e1n en la que se analiza si la empresa tiene responsabilidad en la explotaci\u00f3n de trabajadores chinos. La justicia tiene acreditado que dos proveedores autorizados de la firma subcontrataban la confecci\u00f3n bolsos en f\u00e1bricas ilegales donde se realizaba el abuso laboral.<\/p>\n<p>La empresa est\u00e1 sospechada de connivencia y falta de controles con respecto a las condiciones laborales de las f\u00e1bricas que subcontrata. Un ejemplo de c\u00f3mo se daba esta operatoria es uno de los bolsos que vende la marca de lujo. Ese art\u00edculo era comprado por los proveedores autorizados a las f\u00e1bricas ilegales a un valor de 93 euros. Luego, lo revend\u00edan a Armani a 250 euros que es el precio que la firma considera que debe costar ese producto. Finalmente, el bolso llegaba a las tiendas a un precio de 1.800 euros, es decir un 1.835% m\u00e1s que el costo del mismo.<\/p>\n<p><a href=\"http:\/\/cueroamerica.info\/wpnews\/wp-content\/uploads\/2024\/05\/Imagen-del-uno-de-los-talleres-clandestinos-que-contrato-Armani.-_3-.jpg\"><img loading=\"lazy\" decoding=\"async\" class=\"alignleft wp-image-23562 \" src=\"http:\/\/cueroamerica.info\/wpnews\/wp-content\/uploads\/2024\/05\/Imagen-del-uno-de-los-talleres-clandestinos-que-contrato-Armani.-_3--300x180.jpg\" alt=\"\" width=\"245\" height=\"147\" srcset=\"http:\/\/cueroamerica.info\/wpnews\/wp-content\/uploads\/2024\/05\/Imagen-del-uno-de-los-talleres-clandestinos-que-contrato-Armani.-_3--300x180.jpg 300w, http:\/\/cueroamerica.info\/wpnews\/wp-content\/uploads\/2024\/05\/Imagen-del-uno-de-los-talleres-clandestinos-que-contrato-Armani.-_3-.jpg 680w\" sizes=\"auto, (max-width: 245px) 100vw, 245px\" \/><\/a><\/p>\n<p>Seg\u00fan se desprende de la investigaci\u00f3n, Manifatture Lombarde y Minoronzoni, ambas proveedores autorizados de Armani, subcontrataban f\u00e1bricas ilegales cuyos trabajadores chinos se encontraban en situaci\u00f3n irregular. La fiscal\u00eda considera que la casa de lujo ha sido \u201cincapaz de prevenir y frenar los fen\u00f3menos de explotaci\u00f3n laboral dentro del ciclo de producci\u00f3n de sus art\u00edculos al no haber implementado medidas adecuadas para verificar las condiciones reales de trabajo o las capacidades t\u00e9cnicas de las empresas contratadas\u201d.<\/p>\n<p><a href=\"http:\/\/cueroamerica.info\/wpnews\/wp-content\/uploads\/2024\/05\/Imagen-del-uno-de-los-talleres-clandestinos-que-contrato-Armani.-_5-.jpg\"><img loading=\"lazy\" decoding=\"async\" class=\" wp-image-23563 alignright\" src=\"http:\/\/cueroamerica.info\/wpnews\/wp-content\/uploads\/2024\/05\/Imagen-del-uno-de-los-talleres-clandestinos-que-contrato-Armani.-_5--300x180.jpg\" alt=\"\" width=\"243\" height=\"146\" srcset=\"http:\/\/cueroamerica.info\/wpnews\/wp-content\/uploads\/2024\/05\/Imagen-del-uno-de-los-talleres-clandestinos-que-contrato-Armani.-_5--300x180.jpg 300w, http:\/\/cueroamerica.info\/wpnews\/wp-content\/uploads\/2024\/05\/Imagen-del-uno-de-los-talleres-clandestinos-que-contrato-Armani.-_5--768x461.jpg 768w, http:\/\/cueroamerica.info\/wpnews\/wp-content\/uploads\/2024\/05\/Imagen-del-uno-de-los-talleres-clandestinos-que-contrato-Armani.-_5-.jpg 800w\" sizes=\"auto, (max-width: 243px) 100vw, 243px\" \/><\/a>Manifatture Lombarde y Minoronzoni mandaban a fabricar los pedidos que le hac\u00eda Armani a estos establecimientos ilegales que no cumpl\u00edan la normativa laboral vigente y manten\u00edan a los trabajadores viviendo dentro de las f\u00e1bricas en condiciones de hacinamiento. Estos operarios cobraban un 50% menos de lo que fija el Convenio Colectivo italiano para el sector Artesano-Textil y cumpl\u00edan jornadas de hasta 14 horas.<\/p>\n<p>La justicia italiana a\u00fan no determin\u00f3 si Armani estaba al tanto de esta irregularidad, incurriendo en una conducta dolosa o si se trat\u00f3 de un caso de negligencia.<br \/>\n&#8212;&#8212;&#8212;&#8212;&#8212;&#8212;&#8212;&#8212;&#8212;&#8212;&#8212;&#8212;&#8212;&#8212;&#8212;&#8211;<br \/>\nFashion United \/ CueroAm\u00e9rica<\/p>\n<p>&#8212;&#8212;&#8212;&#8212;&#8212;&#8212;&#8212;&#8212;<br \/>\nPara comunicarse con CueroAm\u00e9rica: <span style=\"color: #3366ff;\"><a style=\"color: #3366ff;\" href=\"mailto:contacto@cueroamerica.com\">contacto@cueroamerica.com<\/a><\/span><\/p>\n<table>\n<tbody>\n<tr>\n<td width=\"300\"><a href=\"https:\/\/www.smitzoon.com\/en\/renewability\/?utm_source=cuero-america&amp;utm_medium=banner&amp;utm_campaign=renewability\" target=\"_blank\" rel=\"noopener\"><img loading=\"lazy\" decoding=\"async\" class=\"aligncenter\" src=\"http:\/\/cueroamerica.info\/img\/publicidad\/2023\/300x200-sz2023.jpg\" alt=\"\" width=\"300\" height=\"200\" border=\"0\" \/><\/a><\/td>\n<td width=\"171\"><a href=\"http:\/\/www.units.com.ar\/\" target=\"_blank\" rel=\"noopener\"><img loading=\"lazy\" decoding=\"async\" class=\"aligncenter\" src=\"http:\/\/cueroamerica.info\/img\/publicidad\/2024\/unitssudamericana300x200.jpg\" alt=\"\" width=\"300\" height=\"201\" border=\"0\" \/><\/a><\/td>\n<\/tr>\n<\/tbody>\n<\/table>\n","protected":false},"excerpt":{"rendered":"<p>La justicia italiana investiga a la firma Armani por presuntas pr\u00e1cticas de explotaci\u00f3n laboral dentro de su red de proveedores. La casa de lujo italiana fue objeto de una investigaci\u00f3n llevada a cabo por la fiscal\u00eda de Mil\u00e1n en la que se analiza si la empresa tiene responsabilidad en la explotaci\u00f3n de trabajadores chinos. La [&hellip;]<\/p>\n","protected":false},"author":4,"featured_media":0,"comment_status":"closed","ping_status":"closed","sticky":false,"template":"","format":"standard","meta":{"footnotes":""},"categories":[104,8,63],"tags":[],"class_list":["post-23571","post","type-post","status-publish","format-standard","hentry","category-equidad-e-inclusion","category-empresas-y-negocios","category-noticias-de-europa","count-0","even alt","author-","last"],"_links":{"self":[{"href":"http:\/\/cueroamerica.info\/wpnews\/wp-json\/wp\/v2\/posts\/23571","targetHints":{"allow":["GET"]}}],"collection":[{"href":"http:\/\/cueroamerica.info\/wpnews\/wp-json\/wp\/v2\/posts"}],"about":[{"href":"http:\/\/cueroamerica.info\/wpnews\/wp-json\/wp\/v2\/types\/post"}],"author":[{"embeddable":true,"href":"http:\/\/cueroamerica.info\/wpnews\/wp-json\/wp\/v2\/users\/4"}],"replies":[{"embeddable":true,"href":"http:\/\/cueroamerica.info\/wpnews\/wp-json\/wp\/v2\/comments?post=23571"}],"version-history":[{"count":3,"href":"http:\/\/cueroamerica.info\/wpnews\/wp-json\/wp\/v2\/posts\/23571\/revisions"}],"predecessor-version":[{"id":23597,"href":"http:\/\/cueroamerica.info\/wpnews\/wp-json\/wp\/v2\/posts\/23571\/revisions\/23597"}],"wp:attachment":[{"href":"http:\/\/cueroamerica.info\/wpnews\/wp-json\/wp\/v2\/media?parent=23571"}],"wp:term":[{"taxonomy":"category","embeddable":true,"href":"http:\/\/cueroamerica.info\/wpnews\/wp-json\/wp\/v2\/categories?post=23571"},{"taxonomy":"post_tag","embeddable":true,"href":"http:\/\/cueroamerica.info\/wpnews\/wp-json\/wp\/v2\/tags?post=23571"}],"curies":[{"name":"wp","href":"https:\/\/api.w.org\/{rel}","templated":true}]}}