{"id":24530,"date":"2024-09-24T12:31:14","date_gmt":"2024-09-24T15:31:14","guid":{"rendered":"http:\/\/cueroamerica.info\/wpnews\/?p=24530"},"modified":"2024-09-24T12:31:14","modified_gmt":"2024-09-24T15:31:14","slug":"micam-cerro-su-edicion-con-gran-presencia-internacional-y-satisfaccion-de-las-empresas","status":"publish","type":"post","link":"http:\/\/cueroamerica.info\/wpnews\/2024\/09\/micam-cerro-su-edicion-con-gran-presencia-internacional-y-satisfaccion-de-las-empresas\/","title":{"rendered":"MICAM cerr\u00f3 su edici\u00f3n con gran presencia internacional y satisfacci\u00f3n de las empresas"},"content":{"rendered":"<p>La tradicional feria italiana de calzado, junto con Milano Fashion&amp;Jewels, MIPEL and The One Milan, se llevaron a cabo del 15 al 17 de septiembre en la ciudad de Mil\u00e1n, Italia. La sinergia entre los cuatro eventos de moda result\u00f3 exitosa y hubo gran concurrencia de casi las 41.000 personas, con una importante proporci\u00f3n de visitantes internacionales.<\/p>\n<table>\n<tbody>\n<tr>\n<td><a href=\"http:\/\/cueroamerica.info\/wpnews\/wp-content\/uploads\/2024\/09\/134.jpg\"><img loading=\"lazy\" decoding=\"async\" class=\"size-medium wp-image-24497 aligncenter\" src=\"http:\/\/cueroamerica.info\/wpnews\/wp-content\/uploads\/2024\/09\/134-300x200.jpg\" alt=\"\" width=\"300\" height=\"200\" srcset=\"http:\/\/cueroamerica.info\/wpnews\/wp-content\/uploads\/2024\/09\/134-300x200.jpg 300w, http:\/\/cueroamerica.info\/wpnews\/wp-content\/uploads\/2024\/09\/134-768x512.jpg 768w, http:\/\/cueroamerica.info\/wpnews\/wp-content\/uploads\/2024\/09\/134.jpg 1000w\" sizes=\"auto, (max-width: 300px) 100vw, 300px\" \/><\/a><\/td>\n<td><a href=\"http:\/\/cueroamerica.info\/wpnews\/wp-content\/uploads\/2024\/09\/100.jpg\"><img loading=\"lazy\" decoding=\"async\" class=\"size-medium wp-image-24495 aligncenter\" src=\"http:\/\/cueroamerica.info\/wpnews\/wp-content\/uploads\/2024\/09\/100-300x200.jpg\" alt=\"\" width=\"300\" height=\"200\" srcset=\"http:\/\/cueroamerica.info\/wpnews\/wp-content\/uploads\/2024\/09\/100-300x200.jpg 300w, http:\/\/cueroamerica.info\/wpnews\/wp-content\/uploads\/2024\/09\/100-768x512.jpg 768w, http:\/\/cueroamerica.info\/wpnews\/wp-content\/uploads\/2024\/09\/100.jpg 1000w\" sizes=\"auto, (max-width: 300px) 100vw, 300px\" \/><\/a><\/td>\n<\/tr>\n<\/tbody>\n<\/table>\n<p>Micam y las dem\u00e1s ferias italianas dedicadas a la moda, registraron la visita de 40.950 compradores, de los cuales el 45% proven\u00eda del exterior. Los principales compradores extranjeros llegaron de Espa\u00f1a, Italia y Francia. Estados Unidos y Canad\u00e1 tambi\u00e9n aportaron gran cantidad de asistentes seguidos por China y Jap\u00f3n.<\/p>\n<p>La feria tuvo gran participaci\u00f3n de start ups y hubo colaboraciones con institutos de formaci\u00f3n y universidades. El ministro de Educaci\u00f3n y M\u00e9rito, Giuseppe Valditara, destac\u00f3 en la ceremonia de apertura \u201cel valor de invertir en los j\u00f3venes y en las profesiones emergentes en el sector manufacturero, como un homenaje a los valores pr\u00e1cticos y tangibles\u201d.<\/p>\n<table>\n<tbody>\n<tr>\n<td><a href=\"http:\/\/cueroamerica.info\/wpnews\/wp-content\/uploads\/2024\/09\/062.jpg\"><img loading=\"lazy\" decoding=\"async\" class=\"size-medium wp-image-24494 aligncenter\" src=\"http:\/\/cueroamerica.info\/wpnews\/wp-content\/uploads\/2024\/09\/062-300x200.jpg\" alt=\"\" width=\"300\" height=\"200\" srcset=\"http:\/\/cueroamerica.info\/wpnews\/wp-content\/uploads\/2024\/09\/062-300x200.jpg 300w, http:\/\/cueroamerica.info\/wpnews\/wp-content\/uploads\/2024\/09\/062-768x512.jpg 768w, http:\/\/cueroamerica.info\/wpnews\/wp-content\/uploads\/2024\/09\/062.jpg 1000w\" sizes=\"auto, (max-width: 300px) 100vw, 300px\" \/><\/a><\/td>\n<td><a href=\"http:\/\/cueroamerica.info\/wpnews\/wp-content\/uploads\/2024\/09\/106.jpg\"><img loading=\"lazy\" decoding=\"async\" class=\"size-medium wp-image-24496 aligncenter\" src=\"http:\/\/cueroamerica.info\/wpnews\/wp-content\/uploads\/2024\/09\/106-300x200.jpg\" alt=\"\" width=\"300\" height=\"200\" srcset=\"http:\/\/cueroamerica.info\/wpnews\/wp-content\/uploads\/2024\/09\/106-300x200.jpg 300w, http:\/\/cueroamerica.info\/wpnews\/wp-content\/uploads\/2024\/09\/106-768x512.jpg 768w, http:\/\/cueroamerica.info\/wpnews\/wp-content\/uploads\/2024\/09\/106.jpg 1000w\" sizes=\"auto, (max-width: 300px) 100vw, 300px\" \/><\/a><\/td>\n<\/tr>\n<\/tbody>\n<\/table>\n<p>Una referencia importante en materia de negocios fue la presencia de 78 marcas de la industria brasilera, que fue la tercera mayor delegaci\u00f3n internacional. Seg\u00fan informo la Asociaci\u00f3n Brasilera de las Industrias del Calzado (Abical\u00e7ados) las empresas cerraron su participaci\u00f3n en Micam Milano con negocios redondeando los US$ 26,2 millones, entre operaciones concretadas en el evento y las proyectadas para los pr\u00f3ximos meses.<\/p>\n<p>La organizaci\u00f3n de la feria, por su parte, comunic\u00f3 que \u201cen un per\u00edodo de profunda transformaci\u00f3n para el mundo de la moda, dominado por la digitalizaci\u00f3n y la sostenibilidad, este a\u00f1o las ferias combinaron su mensaje empresarial, centrado en los m\u00e9todos de producci\u00f3n, la capacidad art\u00edstica y la cadena de valor, con un enfoque en la formaci\u00f3n y las oportunidades laborales para las nuevas generaciones\u201d<\/p>\n<table>\n<tbody>\n<tr>\n<td><a href=\"http:\/\/cueroamerica.info\/wpnews\/wp-content\/uploads\/2024\/09\/019-1.jpg\"><img loading=\"lazy\" decoding=\"async\" class=\"size-medium wp-image-24505 aligncenter\" src=\"http:\/\/cueroamerica.info\/wpnews\/wp-content\/uploads\/2024\/09\/019-1-300x200.jpg\" alt=\"\" width=\"300\" height=\"200\" srcset=\"http:\/\/cueroamerica.info\/wpnews\/wp-content\/uploads\/2024\/09\/019-1-300x200.jpg 300w, http:\/\/cueroamerica.info\/wpnews\/wp-content\/uploads\/2024\/09\/019-1-768x512.jpg 768w, http:\/\/cueroamerica.info\/wpnews\/wp-content\/uploads\/2024\/09\/019-1.jpg 1000w\" sizes=\"auto, (max-width: 300px) 100vw, 300px\" \/><\/a><\/td>\n<td><a href=\"http:\/\/cueroamerica.info\/wpnews\/wp-content\/uploads\/2024\/09\/047.jpg\"><img loading=\"lazy\" decoding=\"async\" class=\"size-medium wp-image-24493 aligncenter\" src=\"http:\/\/cueroamerica.info\/wpnews\/wp-content\/uploads\/2024\/09\/047-300x200.jpg\" alt=\"\" width=\"300\" height=\"200\" srcset=\"http:\/\/cueroamerica.info\/wpnews\/wp-content\/uploads\/2024\/09\/047-300x200.jpg 300w, http:\/\/cueroamerica.info\/wpnews\/wp-content\/uploads\/2024\/09\/047-768x512.jpg 768w, http:\/\/cueroamerica.info\/wpnews\/wp-content\/uploads\/2024\/09\/047.jpg 1000w\" sizes=\"auto, (max-width: 300px) 100vw, 300px\" \/><\/a><\/td>\n<\/tr>\n<\/tbody>\n<\/table>\n<p>Micam Milano remarc\u00f3 su compromiso con las nuevas generaciones y afirm\u00f3 que la feria es \u201cun puente entre la escuela y el mundo empresarial, con muchas oportunidades para que los j\u00f3venes entren en contacto directo con el mundo corporativo\u201d.<br \/>\n&#8212;&#8212;&#8212;&#8212;&#8212;&#8212;&#8212;&#8212;&#8212;&#8212;&#8212;&#8211;<br \/>\nMicam \/ CueroAm\u00e9rica<\/p>\n<p>&#8212;&#8212;&#8212;&#8212;&#8212;&#8212;&#8212;&#8212;<br \/>\nPara comunicarse con CueroAm\u00e9rica: <span style=\"color: #3366ff;\"><a style=\"color: #3366ff;\" href=\"mailto:contacto@cueroamerica.com\">contacto@cueroamerica.com<\/a><\/span><\/p>\n<table>\n<tbody>\n<tr>\n<td width=\"300\"><a href=\"https:\/\/www.aplf.com\/aplf-2025\/fashion-access-fair-details\/?utm_medium=digital_ads_barter&amp;utm_source=cueroamerica&amp;utm_campaign=2025_03_VP_APLF&amp;utm_content=banner\" target=\"_blank\" rel=\"noopener\"><img loading=\"lazy\" decoding=\"async\" class=\"aligncenter\" src=\"http:\/\/cueroamerica.info\/img\/publicidad\/2024\/APLF25b_FA_300x200_v3.jpg\" width=\"300\" height=\"200\" \/><\/a><\/td>\n<td width=\"171\"><a href=\"https:\/\/quimser.com\/eco-curtido-2\/?lang=es\" target=\"_blank\" rel=\"noopener\"><img decoding=\"async\" class=\"aligncenter\" src=\"http:\/\/cueroamerica.info\/img\/publicidad\/2023\/banner_quimser2023.jpg\" alt=\"\" width=\"auto\" height=\"auto\" \/><\/a><\/td>\n<\/tr>\n<\/tbody>\n<\/table>\n","protected":false},"excerpt":{"rendered":"<p>La tradicional feria italiana de calzado, junto con Milano Fashion&amp;Jewels, MIPEL and The One Milan, se llevaron a cabo del 15 al 17 de septiembre en la ciudad de Mil\u00e1n, Italia. La sinergia entre los cuatro eventos de moda result\u00f3 exitosa y hubo gran concurrencia de casi las 41.000 personas, con una importante proporci\u00f3n de [&hellip;]<\/p>\n","protected":false},"author":3,"featured_media":0,"comment_status":"closed","ping_status":"closed","sticky":false,"template":"","format":"standard","meta":{"footnotes":""},"categories":[66],"tags":[],"class_list":["post-24530","post","type-post","status-publish","format-standard","hentry","category-ferias-realizadas","count-0","even alt","author-adminca","last"],"_links":{"self":[{"href":"http:\/\/cueroamerica.info\/wpnews\/wp-json\/wp\/v2\/posts\/24530","targetHints":{"allow":["GET"]}}],"collection":[{"href":"http:\/\/cueroamerica.info\/wpnews\/wp-json\/wp\/v2\/posts"}],"about":[{"href":"http:\/\/cueroamerica.info\/wpnews\/wp-json\/wp\/v2\/types\/post"}],"author":[{"embeddable":true,"href":"http:\/\/cueroamerica.info\/wpnews\/wp-json\/wp\/v2\/users\/3"}],"replies":[{"embeddable":true,"href":"http:\/\/cueroamerica.info\/wpnews\/wp-json\/wp\/v2\/comments?post=24530"}],"version-history":[{"count":4,"href":"http:\/\/cueroamerica.info\/wpnews\/wp-json\/wp\/v2\/posts\/24530\/revisions"}],"predecessor-version":[{"id":24534,"href":"http:\/\/cueroamerica.info\/wpnews\/wp-json\/wp\/v2\/posts\/24530\/revisions\/24534"}],"wp:attachment":[{"href":"http:\/\/cueroamerica.info\/wpnews\/wp-json\/wp\/v2\/media?parent=24530"}],"wp:term":[{"taxonomy":"category","embeddable":true,"href":"http:\/\/cueroamerica.info\/wpnews\/wp-json\/wp\/v2\/categories?post=24530"},{"taxonomy":"post_tag","embeddable":true,"href":"http:\/\/cueroamerica.info\/wpnews\/wp-json\/wp\/v2\/tags?post=24530"}],"curies":[{"name":"wp","href":"https:\/\/api.w.org\/{rel}","templated":true}]}}