{"id":24535,"date":"2024-09-24T12:39:22","date_gmt":"2024-09-24T15:39:22","guid":{"rendered":"http:\/\/cueroamerica.info\/wpnews\/?p=24535"},"modified":"2024-09-24T12:39:22","modified_gmt":"2024-09-24T15:39:22","slug":"simac-tanning-tech-recibio-a-9-000-visitantes-y-logro-una-fuerte-participacion-extranjera","status":"publish","type":"post","link":"http:\/\/cueroamerica.info\/wpnews\/2024\/09\/simac-tanning-tech-recibio-a-9-000-visitantes-y-logro-una-fuerte-participacion-extranjera\/","title":{"rendered":"SIMAC Tanning Tech recibi\u00f3 a 9.000 visitantes y logr\u00f3 una fuerte participaci\u00f3n extranjera"},"content":{"rendered":"<p><a href=\"http:\/\/cueroamerica.info\/wpnews\/wp-content\/uploads\/2024\/09\/Simac-Tanning-Tech-_2-.jpg\"><img loading=\"lazy\" decoding=\"async\" class=\" wp-image-24504 alignright\" src=\"http:\/\/cueroamerica.info\/wpnews\/wp-content\/uploads\/2024\/09\/Simac-Tanning-Tech-_2--300x200.jpg\" alt=\"\" width=\"245\" height=\"163\" srcset=\"http:\/\/cueroamerica.info\/wpnews\/wp-content\/uploads\/2024\/09\/Simac-Tanning-Tech-_2--300x200.jpg 300w, http:\/\/cueroamerica.info\/wpnews\/wp-content\/uploads\/2024\/09\/Simac-Tanning-Tech-_2--768x512.jpg 768w, http:\/\/cueroamerica.info\/wpnews\/wp-content\/uploads\/2024\/09\/Simac-Tanning-Tech-_2-.jpg 1000w\" sizes=\"auto, (max-width: 245px) 100vw, 245px\" \/><\/a>El sal\u00f3n internacional de maquinaria y tecnolog\u00eda para el curtido, el calzado y la marroquiner\u00eda tuvo lugar en Fiera Milano Rho, Italia, del 17 al 19 de septiembre. En el evento se presentaron las \u00faltimas tendencias en sostenibilidad, digitalizaci\u00f3n y optimizaci\u00f3n de los procesos productivos. La feria se produce en un momento en que el sector de maquinarias para el curtido est\u00e1 atravesando una contracci\u00f3n de las ventas.<\/p>\n<p>SIMAC Tanning Tech volvi\u00f3 a convocar a los principales proveedores de maquinaria y tecnolog\u00eda para el calzado. Participaron 316 expositores de los cuales el 26% proven\u00edan del exterior. En cuanto a los compradores, el 44% de los 9.000 visitantes eran extranjeros.<\/p>\n<div id=\"attachment_24501\" style=\"width: 152px\" class=\"wp-caption alignleft\"><a href=\"http:\/\/cueroamerica.info\/wpnews\/wp-content\/uploads\/2024\/09\/Maria-Vittoria-Brustia-presidenta-de-Assomac.-.jpg\"><img loading=\"lazy\" decoding=\"async\" aria-describedby=\"caption-attachment-24501\" class=\" wp-image-24501\" src=\"http:\/\/cueroamerica.info\/wpnews\/wp-content\/uploads\/2024\/09\/Maria-Vittoria-Brustia-presidenta-de-Assomac.--194x300.jpg\" alt=\"\" width=\"142\" height=\"220\" srcset=\"http:\/\/cueroamerica.info\/wpnews\/wp-content\/uploads\/2024\/09\/Maria-Vittoria-Brustia-presidenta-de-Assomac.--194x300.jpg 194w, http:\/\/cueroamerica.info\/wpnews\/wp-content\/uploads\/2024\/09\/Maria-Vittoria-Brustia-presidenta-de-Assomac.-.jpg 600w\" sizes=\"auto, (max-width: 142px) 100vw, 142px\" \/><\/a><p id=\"caption-attachment-24501\" class=\"wp-caption-text\">Maria Vittoria Brustia, presidenta de Assomac.<\/p><\/div>\n<p>Si bien el rubro no est\u00e1 en su mejor momento, la presidenta de Assomac, Maria Vittoria Brustia, se\u00f1al\u00f3 que \u201cseguimos confiando en el futuro de nuestro sector\u201d. La directiva afirm\u00f3 que \u201cmiramos al 2025 con optimismo, apostando por la capacidad de nuestras empresas para innovar y adaptarse a los desaf\u00edos globales\u201d.<\/p>\n<p>\u201cSin embargo, es fundamental que el gobierno italiano nos apoye activamente en la promoci\u00f3n y protecci\u00f3n del Made in Italy, especialmente en un contexto internacional cada vez m\u00e1s competitivo. Necesitamos un apoyo adicional para la internacionalizaci\u00f3n de nuestras empresas, para garantizar que nuestro sector pueda seguir representando la excelencia en el mundo\u201d agreg\u00f3 Brustia.<\/p>\n<p>SIMAC Tanning Tech se realiz\u00f3 junto con la feria del cuero Lineapelle lo que ayud\u00f3 a convocar a mayor cantidad de visitantes. \u201cEl excelente resultado obtenido en esta edici\u00f3n demuestra la importancia de nuestra feria como punto de encuentro para la industria global y la centralidad de la innovaci\u00f3n en nuestro sector\u201d, coment\u00f3 el Director General de Assomac, Agostino Apolito.<\/p>\n<p>El directivo se\u00f1al\u00f3 que \u201cla amplia participaci\u00f3n internacional es resultado de la fruct\u00edfera colaboraci\u00f3n con la Agencia Italiana de Comercio, ICE, y el inter\u00e9s demostrado por las nuevas tecnolog\u00edas expuestas. Esto confirma el fuerte atractivo del sector\u201d.<\/p>\n<table>\n<tbody>\n<tr>\n<td><a href=\"http:\/\/cueroamerica.info\/wpnews\/wp-content\/uploads\/2024\/09\/Simac-Tanning-Tech-_1b.jpg\"><img loading=\"lazy\" decoding=\"async\" class=\"size-medium wp-image-24502 aligncenter\" src=\"http:\/\/cueroamerica.info\/wpnews\/wp-content\/uploads\/2024\/09\/Simac-Tanning-Tech-_1b-300x198.jpg\" alt=\"\" width=\"300\" height=\"198\" srcset=\"http:\/\/cueroamerica.info\/wpnews\/wp-content\/uploads\/2024\/09\/Simac-Tanning-Tech-_1b-300x198.jpg 300w, http:\/\/cueroamerica.info\/wpnews\/wp-content\/uploads\/2024\/09\/Simac-Tanning-Tech-_1b-1024x675.jpg 1024w, http:\/\/cueroamerica.info\/wpnews\/wp-content\/uploads\/2024\/09\/Simac-Tanning-Tech-_1b-768x506.jpg 768w, http:\/\/cueroamerica.info\/wpnews\/wp-content\/uploads\/2024\/09\/Simac-Tanning-Tech-_1b-1536x1013.jpg 1536w, http:\/\/cueroamerica.info\/wpnews\/wp-content\/uploads\/2024\/09\/Simac-Tanning-Tech-_1b.jpg 1600w\" sizes=\"auto, (max-width: 300px) 100vw, 300px\" \/><\/a><\/td>\n<td><a href=\"http:\/\/cueroamerica.info\/wpnews\/wp-content\/uploads\/2024\/09\/Simac-Tanning-Tech-_3b.jpg\"><img loading=\"lazy\" decoding=\"async\" class=\"size-medium wp-image-24503 aligncenter\" src=\"http:\/\/cueroamerica.info\/wpnews\/wp-content\/uploads\/2024\/09\/Simac-Tanning-Tech-_3b-300x194.jpg\" alt=\"\" width=\"300\" height=\"194\" srcset=\"http:\/\/cueroamerica.info\/wpnews\/wp-content\/uploads\/2024\/09\/Simac-Tanning-Tech-_3b-300x194.jpg 300w, http:\/\/cueroamerica.info\/wpnews\/wp-content\/uploads\/2024\/09\/Simac-Tanning-Tech-_3b-1024x661.jpg 1024w, http:\/\/cueroamerica.info\/wpnews\/wp-content\/uploads\/2024\/09\/Simac-Tanning-Tech-_3b-768x496.jpg 768w, http:\/\/cueroamerica.info\/wpnews\/wp-content\/uploads\/2024\/09\/Simac-Tanning-Tech-_3b-1536x992.jpg 1536w, http:\/\/cueroamerica.info\/wpnews\/wp-content\/uploads\/2024\/09\/Simac-Tanning-Tech-_3b.jpg 1600w\" sizes=\"auto, (max-width: 300px) 100vw, 300px\" \/><\/a><\/td>\n<\/tr>\n<\/tbody>\n<\/table>\n<p>Apolito asegur\u00f3 que est\u00e1n \u201cpreparados para afrontar los retos de la sostenibilidad, la digitalizaci\u00f3n y la eficiencia y SIMAC Tanning Tech demuestra ser la plataforma ideal para apoyar esta transformaci\u00f3n. El crecimiento global del n\u00famero de visitantes es ciertamente positivo y esperamos que la presencia extranjera sea una se\u00f1al de crecimiento de las inversiones\u201d a\u00f1adi\u00f3 Apolito.<\/p>\n<p>La pr\u00f3xima edici\u00f3n de la feria se realizar\u00e1 en Mil\u00e1n, Italia, del 23 al 25 de septiembre de 2025.<br \/>\n&#8212;&#8212;&#8212;&#8212;&#8212;&#8212;&#8212;&#8212;&#8212;&#8212;&#8212;&#8212;&#8212;<br \/>\nAssomac \/ CueroAm\u00e9rica<br \/>\n&#8212;&#8212;&#8212;&#8212;&#8212;&#8212;&#8212;&#8212;<br \/>\nPara comunicarse con CueroAm\u00e9rica: <span style=\"color: #3366ff;\"><a style=\"color: #3366ff;\" href=\"mailto:contacto@cueroamerica.com\">contacto@cueroamerica.com<\/a><\/span><\/p>\n<table>\n<tbody>\n<tr>\n<td width=\"300\"><a href=\"http:\/\/www.units.com.ar\/\" target=\"_blank\" rel=\"noopener\"><img loading=\"lazy\" decoding=\"async\" class=\"aligncenter\" src=\"http:\/\/cueroamerica.info\/img\/publicidad\/2024\/unitssudamericana300x200.jpg\" alt=\"\" width=\"300\" height=\"201\" border=\"0\" \/><\/a><\/td>\n<td width=\"171\"><a href=\"https:\/\/www.smitzoon.com\/en\/renewability\/?utm_source=cuero-america&amp;utm_medium=banner&amp;utm_campaign=renewability\" target=\"_blank\" rel=\"noopener\"><img loading=\"lazy\" decoding=\"async\" class=\"aligncenter\" src=\"http:\/\/cueroamerica.info\/img\/publicidad\/2023\/300x200-sz2023.jpg\" alt=\"\" width=\"300\" height=\"200\" border=\"0\" \/><\/a><\/td>\n<\/tr>\n<\/tbody>\n<\/table>\n","protected":false},"excerpt":{"rendered":"<p>El sal\u00f3n internacional de maquinaria y tecnolog\u00eda para el curtido, el calzado y la marroquiner\u00eda tuvo lugar en Fiera Milano Rho, Italia, del 17 al 19 de septiembre. En el evento se presentaron las \u00faltimas tendencias en sostenibilidad, digitalizaci\u00f3n y optimizaci\u00f3n de los procesos productivos. La feria se produce en un momento en que el [&hellip;]<\/p>\n","protected":false},"author":3,"featured_media":0,"comment_status":"closed","ping_status":"closed","sticky":false,"template":"","format":"standard","meta":{"footnotes":""},"categories":[66],"tags":[],"class_list":["post-24535","post","type-post","status-publish","format-standard","hentry","category-ferias-realizadas","count-0","even alt","author-adminca","last"],"_links":{"self":[{"href":"http:\/\/cueroamerica.info\/wpnews\/wp-json\/wp\/v2\/posts\/24535","targetHints":{"allow":["GET"]}}],"collection":[{"href":"http:\/\/cueroamerica.info\/wpnews\/wp-json\/wp\/v2\/posts"}],"about":[{"href":"http:\/\/cueroamerica.info\/wpnews\/wp-json\/wp\/v2\/types\/post"}],"author":[{"embeddable":true,"href":"http:\/\/cueroamerica.info\/wpnews\/wp-json\/wp\/v2\/users\/3"}],"replies":[{"embeddable":true,"href":"http:\/\/cueroamerica.info\/wpnews\/wp-json\/wp\/v2\/comments?post=24535"}],"version-history":[{"count":3,"href":"http:\/\/cueroamerica.info\/wpnews\/wp-json\/wp\/v2\/posts\/24535\/revisions"}],"predecessor-version":[{"id":24538,"href":"http:\/\/cueroamerica.info\/wpnews\/wp-json\/wp\/v2\/posts\/24535\/revisions\/24538"}],"wp:attachment":[{"href":"http:\/\/cueroamerica.info\/wpnews\/wp-json\/wp\/v2\/media?parent=24535"}],"wp:term":[{"taxonomy":"category","embeddable":true,"href":"http:\/\/cueroamerica.info\/wpnews\/wp-json\/wp\/v2\/categories?post=24535"},{"taxonomy":"post_tag","embeddable":true,"href":"http:\/\/cueroamerica.info\/wpnews\/wp-json\/wp\/v2\/tags?post=24535"}],"curies":[{"name":"wp","href":"https:\/\/api.w.org\/{rel}","templated":true}]}}