{"id":24589,"date":"2024-10-01T11:37:42","date_gmt":"2024-10-01T14:37:42","guid":{"rendered":"http:\/\/cueroamerica.info\/wpnews\/?p=24589"},"modified":"2024-10-01T11:37:42","modified_gmt":"2024-10-01T14:37:42","slug":"la-industria-del-calzado-de-alemania-esta-en-crisis-y-no-esperan-una-mejoria-pronta","status":"publish","type":"post","link":"http:\/\/cueroamerica.info\/wpnews\/2024\/10\/la-industria-del-calzado-de-alemania-esta-en-crisis-y-no-esperan-una-mejoria-pronta\/","title":{"rendered":"La industria del calzado de Alemania esta en crisis y no esperan una mejor\u00eda pronta"},"content":{"rendered":"<div id=\"attachment_24562\" style=\"width: 256px\" class=\"wp-caption alignleft\"><a href=\"http:\/\/cueroamerica.info\/wpnews\/wp-content\/uploads\/2024\/10\/Fabrica-de-calzado-Alemania-_6a.jpg\"><img loading=\"lazy\" decoding=\"async\" aria-describedby=\"caption-attachment-24562\" class=\" wp-image-24562\" src=\"http:\/\/cueroamerica.info\/wpnews\/wp-content\/uploads\/2024\/10\/Fabrica-de-calzado-Alemania-_6a-300x200.jpg\" alt=\"\" width=\"246\" height=\"164\" srcset=\"http:\/\/cueroamerica.info\/wpnews\/wp-content\/uploads\/2024\/10\/Fabrica-de-calzado-Alemania-_6a-300x200.jpg 300w, http:\/\/cueroamerica.info\/wpnews\/wp-content\/uploads\/2024\/10\/Fabrica-de-calzado-Alemania-_6a.jpg 740w\" sizes=\"auto, (max-width: 246px) 100vw, 246px\" \/><\/a><p id=\"caption-attachment-24562\" class=\"wp-caption-text\">Fabrica de calzado Alemania.<\/p><\/div>\n<p>La industria del calzado de Alemania soporta una pronunciada ca\u00edda de ventas debido a la recesi\u00f3n econ\u00f3mica que atraviesa el pa\u00eds. Con una inflaci\u00f3n dif\u00edcil de contener y una crisis energ\u00e9tica provocada interrupci\u00f3n de las compras de gas a Rusia, el consumidor germano no logra percibir una recuperaci\u00f3n cercana en la econom\u00eda y contiene cada vez m\u00e1s sus compras de calzado, entre otros bienes.<\/p>\n<p>En este sentido, seg\u00fan cifras de entidad alemana de empresas de calzado y art\u00edculos de cuero (HDS\/L), durante el primer semestre de 2024 la industria local del calzado alcanz\u00f3 unas ventas totales de aproximadamente \u20ac 1.150 millones. En el mismo periodo de 2023, las ventas totales de calzado fueron en torno a \u20ac 1170 millones, lo que supone un retroceso del 1,7%.<\/p>\n<p><a href=\"http:\/\/cueroamerica.info\/wpnews\/wp-content\/uploads\/2024\/10\/Fabrica-de-calzado-Alemania-.jpg\"><img loading=\"lazy\" decoding=\"async\" class=\" wp-image-24550 alignright\" src=\"http:\/\/cueroamerica.info\/wpnews\/wp-content\/uploads\/2024\/10\/Fabrica-de-calzado-Alemania--300x224.jpg\" alt=\"\" width=\"242\" height=\"181\" srcset=\"http:\/\/cueroamerica.info\/wpnews\/wp-content\/uploads\/2024\/10\/Fabrica-de-calzado-Alemania--300x224.jpg 300w, http:\/\/cueroamerica.info\/wpnews\/wp-content\/uploads\/2024\/10\/Fabrica-de-calzado-Alemania-.jpg 717w\" sizes=\"auto, (max-width: 242px) 100vw, 242px\" \/><\/a>Por su parte, en el primer semestre de 2024, el valor total de las exportaciones de calzado ascendi\u00f3 a \u20ac 5200 millones, que en comparaci\u00f3n con el mismo periodo del a\u00f1o anterior supone un aumento del 2%. Los mercados m\u00e1s importantes para el calzado alem\u00e1n dentro de Europa son Polonia y Francia.<\/p>\n<p>En cuanto a las importaciones de zapatos por parte de Alemania durante la primera mitad del a\u00f1o, estas alcanzaron un valor de \u20ac 5800 millones con una baja del 7,5%. Los principales proveedores de calzado de Alemania son Italia, China, Vietnam e India. En este sentido, solo Vietnam arroj\u00f3 porcentajes positivos de ventas en Alemania, un +8 %, mientras que tanto las italianas (-20 %), las chinas (-15,8 %) como las indias (-2,5 %) descendieron.<\/p>\n<p>En cuanto al empleo y al tejido empresarial de la industria alemana del calzado, en junio de este a\u00f1o trabajaban en ella unas 15.700 personas, con un sueldo medio de 26.870 euros (+8,1 %), anuales.<\/p>\n<p><a href=\"http:\/\/cueroamerica.info\/wpnews\/wp-content\/uploads\/2024\/10\/Fabrica-de-calzado-Alemania-.jpg\"><img loading=\"lazy\" decoding=\"async\" class=\" wp-image-24550 alignleft\" src=\"http:\/\/cueroamerica.info\/wpnews\/wp-content\/uploads\/2024\/10\/Fabrica-de-calzado-Alemania--300x224.jpg\" alt=\"\" width=\"242\" height=\"181\" srcset=\"http:\/\/cueroamerica.info\/wpnews\/wp-content\/uploads\/2024\/10\/Fabrica-de-calzado-Alemania--300x224.jpg 300w, http:\/\/cueroamerica.info\/wpnews\/wp-content\/uploads\/2024\/10\/Fabrica-de-calzado-Alemania-.jpg 717w\" sizes=\"auto, (max-width: 242px) 100vw, 242px\" \/><\/a>Seg\u00fan la HDS\/L, la industria del calzado en Alemania se enfrentar\u00e1 a grandes retos en los pr\u00f3ximos meses. Seg\u00fan la asociaci\u00f3n, \u201clas inversiones en digitalizaci\u00f3n y sostenibilidad deben abordarse a pesar de la d\u00e9bil motivaci\u00f3n de los consumidores. La industria del calzado espera los impulsos adecuados de los legisladores: leyes que liberen los puntos fuertes de la econom\u00eda, estimul\u00e1ndola, sobre todo en lo que respecta a las peque\u00f1as y medianas empresas. Y tambi\u00e9n, por \u00faltimo, como se ha anunciado a menudo, que reduzcan la burocracia en lugar de aumentarla\u201d, explicaron los dirigentes empresarios.<\/p>\n<p>\u201cTambi\u00e9n pedimos especialmente a los gobiernos de Bruselas (Comunidad Europea) y Berl\u00edn que garanticen unas condiciones de competencia justas. Esto se aplica a las plataformas de venta online de Temu y Shein, que se introducen en el mercado desde el exterior, la mayor\u00eda de las veces de forma libre de impuestos, y no tienen por qu\u00e9 temer la supervisi\u00f3n del cumplimiento de las normas de sostenibilidad. Esto va en detrimento del comercio y de los fabricantes alemanes y europeos. Podemos imaginarnos el impacto medioambiental de un \u00fanico paquete que contiene un par de zapatos baratos enviados directamente\u201d, a\u00f1aden desde HDS\/L.<\/p>\n<p>La patronal alemana no prev\u00e9 que la situaci\u00f3n del sector mejore en la segunda mitad del a\u00f1o ni que se restablezca la confianza del consumidor europeo. Seg\u00fan las encuestas que maneja la HDS\/L, muchas empresas locales esperan una ca\u00edda significativa de la producci\u00f3n en los pr\u00f3ximos meses.<br \/>\n&#8212;&#8212;&#8212;&#8212;&#8212;&#8212;&#8212;&#8212;&#8212;&#8212;&#8212;&#8212;&#8212;&#8212;&#8212;&#8212;&#8212;&#8212;&#8211;<br \/>\nRevista del Calzado \/ CueroAm\u00e9rica<\/p>\n<p>&#8212;&#8212;&#8212;&#8212;&#8212;&#8212;&#8212;&#8212;<br \/>\nPara comunicarse con CueroAm\u00e9rica: <span style=\"color: #3366ff;\"><a style=\"color: #3366ff;\" href=\"mailto:contacto@cueroamerica.com\">contacto@cueroamerica.com<\/a><\/span><\/p>\n<table>\n<tbody>\n<tr>\n<td width=\"300\"><a href=\"https:\/\/www.pellital.com.ar\" target=\"_blank\" rel=\"noopener\"><img loading=\"lazy\" decoding=\"async\" class=\"aligncenter\" src=\"http:\/\/cueroamerica.info\/img\/publicidad\/2023\/aviso300x200_1a.jpg\" alt=\"\" width=\"300\" height=\"200\" \/><\/a><\/td>\n<td width=\"171\"><a href=\"https:\/\/quimser.com\/eco-curtido-2\/?lang=es\" target=\"_blank\" rel=\"noopener\"><img decoding=\"async\" class=\"aligncenter\" src=\"http:\/\/cueroamerica.info\/img\/publicidad\/2023\/banner_quimser2023.jpg\" alt=\"\" width=\"auto\" height=\"auto\" \/><\/a><\/td>\n<\/tr>\n<\/tbody>\n<\/table>\n","protected":false},"excerpt":{"rendered":"<p>La industria del calzado de Alemania soporta una pronunciada ca\u00edda de ventas debido a la recesi\u00f3n econ\u00f3mica que atraviesa el pa\u00eds. Con una inflaci\u00f3n dif\u00edcil de contener y una crisis energ\u00e9tica provocada interrupci\u00f3n de las compras de gas a Rusia, el consumidor germano no logra percibir una recuperaci\u00f3n cercana en la econom\u00eda y contiene cada [&hellip;]<\/p>\n","protected":false},"author":3,"featured_media":0,"comment_status":"closed","ping_status":"closed","sticky":false,"template":"","format":"standard","meta":{"footnotes":""},"categories":[80,43,63],"tags":[],"class_list":["post-24589","post","type-post","status-publish","format-standard","hentry","category-crisis","category-industrias","category-noticias-de-europa","count-0","even alt","author-adminca","last"],"_links":{"self":[{"href":"http:\/\/cueroamerica.info\/wpnews\/wp-json\/wp\/v2\/posts\/24589","targetHints":{"allow":["GET"]}}],"collection":[{"href":"http:\/\/cueroamerica.info\/wpnews\/wp-json\/wp\/v2\/posts"}],"about":[{"href":"http:\/\/cueroamerica.info\/wpnews\/wp-json\/wp\/v2\/types\/post"}],"author":[{"embeddable":true,"href":"http:\/\/cueroamerica.info\/wpnews\/wp-json\/wp\/v2\/users\/3"}],"replies":[{"embeddable":true,"href":"http:\/\/cueroamerica.info\/wpnews\/wp-json\/wp\/v2\/comments?post=24589"}],"version-history":[{"count":2,"href":"http:\/\/cueroamerica.info\/wpnews\/wp-json\/wp\/v2\/posts\/24589\/revisions"}],"predecessor-version":[{"id":24591,"href":"http:\/\/cueroamerica.info\/wpnews\/wp-json\/wp\/v2\/posts\/24589\/revisions\/24591"}],"wp:attachment":[{"href":"http:\/\/cueroamerica.info\/wpnews\/wp-json\/wp\/v2\/media?parent=24589"}],"wp:term":[{"taxonomy":"category","embeddable":true,"href":"http:\/\/cueroamerica.info\/wpnews\/wp-json\/wp\/v2\/categories?post=24589"},{"taxonomy":"post_tag","embeddable":true,"href":"http:\/\/cueroamerica.info\/wpnews\/wp-json\/wp\/v2\/tags?post=24589"}],"curies":[{"name":"wp","href":"https:\/\/api.w.org\/{rel}","templated":true}]}}