{"id":248,"date":"2011-08-29T19:54:38","date_gmt":"2011-08-29T19:54:38","guid":{"rendered":"http:\/\/www.cueroamerica.com\/news\/?p=248"},"modified":"2011-11-14T21:11:25","modified_gmt":"2011-11-14T21:11:25","slug":"la-industria-latinoamericana-exige-a-calderon-el-cuidado-de-la-industria-del-calzado","status":"publish","type":"post","link":"http:\/\/cueroamerica.info\/wpnews\/2011\/08\/la-industria-latinoamericana-exige-a-calderon-el-cuidado-de-la-industria-del-calzado\/","title":{"rendered":"La industria latinoamericana exige a Calder\u00f3n el cuidado de la industria del calzado"},"content":{"rendered":"<p>Empresarios mexicanos respaldados por la Asociaci\u00f3n de Industriales de Latinoam\u00e9rica, exigieron al gobierno de M\u00e9xico de proteger a al industria del calzado, cumpliendo los compromisos firmados en materia de competitividad y desgravaci\u00f3n arancelaria. El presidente de la CICEG record\u00f3 que esta pendiente la propuesta de una gran marcha de protesta y tambi\u00e9n se propuso concretar una alianza de toda la regi\u00f3n para enfrentar las negociaciones con China.<\/p>\n<div id=\"attachment_249\" style=\"width: 210px\" class=\"wp-caption alignright\"><a href=\"http:\/\/www.cueroamerica.com\/news\/wp-content\/uploads\/2011\/08\/henry_kronfle.jpg\"><img loading=\"lazy\" decoding=\"async\" aria-describedby=\"caption-attachment-249\" class=\"size-full wp-image-249\" title=\"henry_kronfle\" src=\"http:\/\/www.cueroamerica.com\/news\/wp-content\/uploads\/2011\/08\/henry_kronfle.jpg\" alt=\"\" width=\"200\" height=\"201\" \/><\/a><p id=\"caption-attachment-249\" class=\"wp-caption-text\">Ingeniero Henry Kronfle <\/p><\/div>\n<p>Armando Martin Due\u00f1as, el presidente de la C\u00e1mara de la Industria del Calzado del Estado de Guanajuato (CICEG), Henry Kronfle, Presidente de la Asociaci\u00f3n de Industriales de Latinoam\u00e9rica; Ismael Plascencia N\u00fa\u00f1ez, Vicepresidente de la Asociaci\u00f3n de Industriales de Latinoam\u00e9rica y Emilio Cano Barrag\u00e1n, Presidente CONCAMIN Baj\u00edo, convocaron a los medios de comunicaci\u00f3n para manifestar su postura con respecto la situaci\u00f3n que enfrenta el sector calzado de M\u00e9xico.<\/p>\n<p>Frente a la ca\u00edda, el 11 de diciembre pr\u00f3ximo de los aranceles al calzado de China, los empresarios recordaron el Acuerdo por la Competitividad que firm\u00f3 el sector industrial con las Secretar\u00edas de Hacienda y Econom\u00eda del gobierno federal mexicano. En este sentido, denunciaron que a la fecha las autoridades no han cumplido. Asimismo, tambi\u00e9n llamaron a la consolidaci\u00f3n de un bloque com\u00fan latinoamericano, para enfrentar las amenazas que generan las actuales formas de producci\u00f3n y comercializaci\u00f3n de la industria China.<\/p>\n<p>Este ser\u00e1 uno de los puntos centrales del pr\u00f3ximo Foro de la Industria del Calzado de Am\u00e9rica Latina, que tendr\u00e1 lugar los d\u00edas 25 y 26 de agosto.<\/p>\n<p>En la reuni\u00f3n realizada el 10 de agosto en la ciudad de Le\u00f3n, Armando Mart\u00edn Due\u00f1as expres\u00f3 que es prioritario hacer un bloque com\u00fan de industriales para enfrentar las situaciones dif\u00edciles que se est\u00e1n viviendo en el \u00e1mbito global.<\/p>\n<p>El presidente de la CICEG destac\u00f3 que el gremio privilegiar\u00e1 la lucha legal para la protecci\u00f3n de la industria tradicional de Le\u00f3n hasta lograr una respuesta del gobierno federal, pero en la agenda de la cadena productiva cuero-calzado-proveedur\u00eda, sigue como propuesta una marcha multitudinaria en se\u00f1al de protesta.<\/p>\n<p>Del encuentro particip\u00f3 Henry Kronfle, presidente de la Asociaci\u00f3n de Industriales de Latinoam\u00e9rica (AILA), que se encontraba en una gira latinoamericana para entender la problem\u00e1tica de los sectores industriales. Apunt\u00f3 que para tratar los grandes problemas de M\u00e9xico y Latinoam\u00e9rica se necesitan alianzas p\u00fablico-privadas ya que \u00e9stas generan el desarrollo de las naciones. Dijo que la competitividad es complementaci\u00f3n y cooperaci\u00f3n pues con esto las empresas pueden llevar a cabo programas de responsabilidad social basados en proyectos productivos.<\/p>\n<div id=\"attachment_250\" style=\"width: 310px\" class=\"wp-caption alignright\"><a href=\"http:\/\/www.cueroamerica.com\/news\/wp-content\/uploads\/2011\/08\/ciceg2011.jpg\"><img loading=\"lazy\" decoding=\"async\" aria-describedby=\"caption-attachment-250\" class=\"size-full wp-image-250\" title=\"ciceg2011\" src=\"http:\/\/www.cueroamerica.com\/news\/wp-content\/uploads\/2011\/08\/ciceg2011.jpg\" alt=\"\" width=\"300\" height=\"133\" \/><\/a><p id=\"caption-attachment-250\" class=\"wp-caption-text\">Armando Martin Due\u00f1as y Henry Kronfle junto a Ismael Plascencia N\u00fa\u00f1ez y Emilio Cano Barrag\u00e1n <\/p><\/div>\n<p>Kronfle dej\u00f3 en claro que las micro y peque\u00f1as empresas son el motor de la econom\u00eda y que en estos momentos en Am\u00e9rica Latina existe una merma del 10% de las empresas manufactureras y esto refleja una p\u00e9rdida del 20% de empleo en el sector industrial.<\/p>\n<p>El dirigente latinoamericano destac\u00f3 que la industria zapatera de algunos pa\u00edses tiene problemas de competencia desleal en las importaciones del calzado chino, por lo que han planteado la creaci\u00f3n de un frente com\u00fan en la regi\u00f3n en contra del mercado asi\u00e1tico. Asimismo, respald\u00f3 el esfuerzo de la industria zapatera mexicana para que se sostengan los grav\u00e1menes al calzado chino que ingresa al pa\u00eds.<\/p>\n<p>Henry Kronfle se\u00f1al\u00f3 que la situaci\u00f3n \u00abes muy problem\u00e1tica, tanto es as\u00ed que hemos tenido una reuni\u00f3n de todos los empresarios en Argentina y la propuesta del Brasil es que no sea pa\u00eds por pa\u00eds el que negocie con China. Se propone que se profundice el acuerdo -que ya lo tiene M\u00e9xico en este momento- con Chile, Colombia y Per\u00fa, en toda Am\u00e9rica Latina, para hacer un frente com\u00fan con el mercado asi\u00e1tico\u00bb, precis\u00f3. \u00abSolamente unidos en Latinoam\u00e9rica podr\u00edamos tener un peso con la econom\u00eda asi\u00e1tica, sobre todo China\u00bb, asever\u00f3 Henry Kronfle.<\/p>\n<p>Finalmente el Presidente de la Asociaci\u00f3n de Industriales de Latinoam\u00e9rica enfatiz\u00f3 su respaldo a los industriales del calzado e hizo un llamado al gobierno federal para que cumpla los compromisos adquiridos con este sector.<\/p>\n<p>Por su parte, Ismael Plascencia N\u00fa\u00f1ez, vicepresidente de la Asociaci\u00f3n de Industriales de Latinoam\u00e9rica record\u00f3 que en los a\u00f1os 2008 y 2009 se firmaron Acuerdos con los Secretarios de Econom\u00eda y Hacienda en donde \u201clos representantes de gobierno se comprometieron entre otras cosas a reducir los costos administrativos que deben enfrentar las empresas para aumentar su competitividad, cosa que no ha sucedido y al contrario, la competitividad de las empresas sigue cayendo\u201d.<\/p>\n<p>Plascencia N\u00fa\u00f1ez enfatiz\u00f3 que \u201cel Acuerdo que se firm\u00f3 no es espec\u00edficamente para el sector calzado, es un acuerdo para la industria en general y el gobierno federal no ha cumplido con los compromisos plasmados en el documento firmado\u201d. Asegur\u00f3 que, por el contrario, ha bajado los aranceles y que se trata de que haya igualdad de circunstancias y que \u201ctodos cumplamos\u201d. Explic\u00f3 que las autoridades no han cumplido su parte y que \u201cest\u00e1n faltando a su firma y a su palabra\u201d.<\/p>\n<p>Por su parte Emilio Cano Barrag\u00e1n, Presidente de CONCAMIN Baj\u00edo, mencion\u00f3 que se requiere un acercamiento con las autoridades federales para los puntos que no han sido cumplidos. Dijo que \u201cvale la pena que se reflexione, que no es solamente una situaci\u00f3n de enfrentamiento entre un sector cuero-calzado- proveedur\u00eda hacia acciones determinadas por el gobierno federal, sino que en ello estamos inmersos todos los industriales del pa\u00eds\u201d.<\/p>\n<p>El Presidente de CONCAMIN refrend\u00f3 su apoyo en espec\u00edfico al sector zapatero y dijo que en todo momento los acompa\u00f1aran en esta defensa de la industria y las fuentes de empleo de los trabajadores leoneses.<\/p>\n","protected":false},"excerpt":{"rendered":"<p>Empresarios mexicanos respaldados por la Asociaci\u00f3n de Industriales de Latinoam\u00e9rica, exigieron al gobierno de M\u00e9xico de proteger a al industria del calzado, cumpliendo los compromisos firmados en materia de competitividad y desgravaci\u00f3n arancelaria. El presidente de la CICEG record\u00f3 que esta pendiente la propuesta de una gran marcha de protesta y tambi\u00e9n se propuso concretar [&hellip;]<\/p>\n","protected":false},"author":1,"featured_media":249,"comment_status":"open","ping_status":"open","sticky":false,"template":"","format":"standard","meta":{"footnotes":""},"categories":[],"tags":[],"class_list":["post-248","post","type-post","status-publish","format-standard","has-post-thumbnail","hentry","count-0","even alt","author-","last"],"_links":{"self":[{"href":"http:\/\/cueroamerica.info\/wpnews\/wp-json\/wp\/v2\/posts\/248","targetHints":{"allow":["GET"]}}],"collection":[{"href":"http:\/\/cueroamerica.info\/wpnews\/wp-json\/wp\/v2\/posts"}],"about":[{"href":"http:\/\/cueroamerica.info\/wpnews\/wp-json\/wp\/v2\/types\/post"}],"author":[{"embeddable":true,"href":"http:\/\/cueroamerica.info\/wpnews\/wp-json\/wp\/v2\/users\/1"}],"replies":[{"embeddable":true,"href":"http:\/\/cueroamerica.info\/wpnews\/wp-json\/wp\/v2\/comments?post=248"}],"version-history":[{"count":1,"href":"http:\/\/cueroamerica.info\/wpnews\/wp-json\/wp\/v2\/posts\/248\/revisions"}],"predecessor-version":[{"id":530,"href":"http:\/\/cueroamerica.info\/wpnews\/wp-json\/wp\/v2\/posts\/248\/revisions\/530"}],"wp:featuredmedia":[{"embeddable":true,"href":"http:\/\/cueroamerica.info\/wpnews\/wp-json\/"}],"wp:attachment":[{"href":"http:\/\/cueroamerica.info\/wpnews\/wp-json\/wp\/v2\/media?parent=248"}],"wp:term":[{"taxonomy":"category","embeddable":true,"href":"http:\/\/cueroamerica.info\/wpnews\/wp-json\/wp\/v2\/categories?post=248"},{"taxonomy":"post_tag","embeddable":true,"href":"http:\/\/cueroamerica.info\/wpnews\/wp-json\/wp\/v2\/tags?post=248"}],"curies":[{"name":"wp","href":"https:\/\/api.w.org\/{rel}","templated":true}]}}