{"id":24879,"date":"2024-11-14T10:04:04","date_gmt":"2024-11-14T13:04:04","guid":{"rendered":"http:\/\/cueroamerica.info\/wpnews\/?p=24879"},"modified":"2024-11-14T12:18:15","modified_gmt":"2024-11-14T15:18:15","slug":"brasil-en-9-meses-subio-un-5-la-produccion-de-calzado-y-busca-volver-a-900-m-de-pares","status":"publish","type":"post","link":"http:\/\/cueroamerica.info\/wpnews\/2024\/11\/brasil-en-9-meses-subio-un-5-la-produccion-de-calzado-y-busca-volver-a-900-m-de-pares\/","title":{"rendered":"Brasil: en 9 meses subi\u00f3 un 5% la producci\u00f3n de calzado y busca volver a 900 M de pares"},"content":{"rendered":"<div id=\"attachment_24872\" style=\"width: 252px\" class=\"wp-caption alignright\"><a href=\"http:\/\/cueroamerica.info\/wpnews\/wp-content\/uploads\/2024\/11\/Fabrica-de-calzado_30.jpg\"><img loading=\"lazy\" decoding=\"async\" aria-describedby=\"caption-attachment-24872\" class=\"wp-image-24872\" src=\"http:\/\/cueroamerica.info\/wpnews\/wp-content\/uploads\/2024\/11\/Fabrica-de-calzado_30-300x228.jpg\" alt=\"\" width=\"242\" height=\"184\" srcset=\"http:\/\/cueroamerica.info\/wpnews\/wp-content\/uploads\/2024\/11\/Fabrica-de-calzado_30-300x228.jpg 300w, http:\/\/cueroamerica.info\/wpnews\/wp-content\/uploads\/2024\/11\/Fabrica-de-calzado_30.jpg 550w\" sizes=\"auto, (max-width: 242px) 100vw, 242px\" \/><\/a><p id=\"caption-attachment-24872\" class=\"wp-caption-text\">Fabrica de calzados en Brasil.<\/p><\/div>\n<p>La industria del calzado de Brasil finaliz\u00f3 los nueve meses con un aumento del 4,8% en su producci\u00f3n, tras cerrar septiembre con una suba del 8,1%. Con este crecimiento, la industria brasilera tiene la expectativa de que este a\u00f1o se complete la recuperaci\u00f3n de producci\u00f3n y logre alcanzar nuevamente los 900 millones de pares fabricados. Esto no ocurre desde 2019, antes de la pandemia.<\/p>\n<p>En base en datos del IBGE, la Asociaci\u00f3n Brasile\u00f1a de la Industria del Calzado (Abical\u00e7ados) estima que en los primeros nueve meses del a\u00f1o se produjeron m\u00e1s de 671 millones de pares.<\/p>\n<p>Sobre este hecho, el presidente ejecutivo de Abical\u00e7ados, Haroldo Ferreira, destaca que el motor de este crecimiento ha sido el desempe\u00f1o del mercado interno, que representa m\u00e1s del 85% de las ventas de la industria del calzado. \u201cLas expectativas son terminar el a\u00f1o con un crecimiento de la producci\u00f3n, alcanzando m\u00e1s de 890 millones de pares producidos\u201d, apunta.<\/p>\n<p><a href=\"http:\/\/cueroamerica.info\/wpnews\/wp-content\/uploads\/2024\/11\/Fabrica-de-calzados-en-Brasil_2-.jpg\"><img loading=\"lazy\" decoding=\"async\" class=\" wp-image-24874 alignleft\" src=\"http:\/\/cueroamerica.info\/wpnews\/wp-content\/uploads\/2024\/11\/Fabrica-de-calzados-en-Brasil_2--300x167.jpg\" alt=\"\" width=\"246\" height=\"137\" srcset=\"http:\/\/cueroamerica.info\/wpnews\/wp-content\/uploads\/2024\/11\/Fabrica-de-calzados-en-Brasil_2--300x167.jpg 300w, http:\/\/cueroamerica.info\/wpnews\/wp-content\/uploads\/2024\/11\/Fabrica-de-calzados-en-Brasil_2-.jpg 720w\" sizes=\"auto, (max-width: 246px) 100vw, 246px\" \/><\/a>La pandemia provoc\u00f3 una gran perturbaci\u00f3n en la industria brasilera del calzado. Dependiente del mercado interno, donde hist\u00f3ricamente se vende m\u00e1s del 85% de los pares de zapatos producidos, en su momento el sector registr\u00f3 ca\u00eddas importantes debido a las restricciones al comercio f\u00edsico.<\/p>\n<p>En 2019 se produjeron 898 millones de pares, cifra que baj\u00f3 a 746 millones de pares en 2020, y alcanz\u00f3 los 855 millones, 886 millones y 865 millones en los a\u00f1os siguientes, respectivamente.<\/p>\n<p>Para 2024, la proyecci\u00f3n de la Asociaci\u00f3n Brasilera de Industrias del Calzado (Abical\u00e7ados) es que la producci\u00f3n aumentar\u00e1 hasta un 3,2%, alcanzando m\u00e1s de 890 millones de pares producidos. Para 2025, la estimaci\u00f3n de la entidad es recuperar finalmente las p\u00e9rdidas posteriores a 2019, logrando un crecimiento de hasta el 1,9%, con una producci\u00f3n de 904 millones de pares.<\/p>\n<p>Seg\u00fan Abical\u00e7ados, el mercado interno, que arrastra el desempe\u00f1o de la industria del calzado desde 2019, jugar\u00e1 un papel fundamental en esta recuperaci\u00f3n, impulsado por la ca\u00edda de los niveles de desempleo y el aumento de los ingresos brasile\u00f1os.<\/p>\n<p><a href=\"http:\/\/cueroamerica.info\/wpnews\/wp-content\/uploads\/2024\/11\/Fabrica-de-calzado_45-.jpg\"><img loading=\"lazy\" decoding=\"async\" class=\" wp-image-24873 alignright\" src=\"http:\/\/cueroamerica.info\/wpnews\/wp-content\/uploads\/2024\/11\/Fabrica-de-calzado_45--300x169.jpg\" alt=\"\" width=\"243\" height=\"137\" srcset=\"http:\/\/cueroamerica.info\/wpnews\/wp-content\/uploads\/2024\/11\/Fabrica-de-calzado_45--300x169.jpg 300w, http:\/\/cueroamerica.info\/wpnews\/wp-content\/uploads\/2024\/11\/Fabrica-de-calzado_45-.jpg 768w\" sizes=\"auto, (max-width: 243px) 100vw, 243px\" \/><\/a>\u201cEntre enero y septiembre, la entidad estima un crecimiento superior al 9% del consumo interno de calzado, que incluye tambi\u00e9n las importaciones\u201d, comenta el presidente ejecutivo de Abical\u00e7ados, Haroldo Ferreira. Y es precisamente para abastecer este acalorado comercio minorista que, en noviembre, se celebra la 3\u00aa edici\u00f3n de BFSHOW, una feria de calzado que ya cuenta con m\u00e1s de 290 marcas confirmadas.<\/p>\n<p>\u201cEl comercio minorista necesita abastecerse, especialmente dada la proximidad a las festividades de fin de a\u00f1o, que hist\u00f3ricamente son muy importantes para nuestra industria. Por lo tanto, las expectativas para la feria, actualmente la mayor de Brasil, son lo m\u00e1s positivas posible\u201d, destaca Ferreira, agregando que, adem\u00e1s de los lanzamientos de las colecciones Oto\u00f1o-Invierno, la feria contar\u00e1 con expositores listos para entregar y as\u00ed abastecer a los minoristas brasile\u00f1os e importadores.<br \/>\n&#8212;&#8212;&#8212;&#8212;&#8212;&#8212;&#8212;&#8212;&#8212;&#8212;&#8212;&#8212;&#8212;&#8212;&#8212;&#8212;&#8212;<br \/>\nABICAL\u00c7ADOS \/ CueroAm\u00e9rica<\/p>\n<p>&#8212;&#8212;&#8212;&#8212;&#8212;&#8212;&#8212;&#8212;<br \/>\nPara comunicarse con CueroAm\u00e9rica: <span style=\"color: #3366ff;\"><a style=\"color: #3366ff;\" href=\"mailto:contacto@cueroamerica.com\">contacto@cueroamerica.com<\/a><\/span><\/p>\n<table>\n<tbody>\n<tr>\n<td width=\"300\"><a href=\"https:\/\/www.aplf.com\/aplf-2025\/leather-fair-details\/?utm_medium=digital_ads_barter&amp;utm_source=cueroamerica&amp;utm_campaign=2025_03_VP_APLF&amp;utm_content=banner\" target=\"_blank\" rel=\"noopener\"><img loading=\"lazy\" decoding=\"async\" class=\"aligncenter\" src=\"http:\/\/cueroamerica.info\/img\/publicidad\/2024\/APLF25b_Leather_300x200px.jpg\" alt=\"\" width=\"300\" height=\"200\" \/><\/a><\/td>\n<td width=\"171\"><a href=\"https:\/\/quimser.com\/eco-curtido-2\/?lang=es\" target=\"_blank\"><img decoding=\"async\" src=\"http:\/\/cueroamerica.info\/img\/publicidad\/2023\/banner_quimser2023.jpg\" alt=\"\" width=\"auto\" height=\"auto\"><\/a><\/td>\n<\/tr>\n<\/tbody>\n<\/table>\n","protected":false},"excerpt":{"rendered":"<p>La industria del calzado de Brasil finaliz\u00f3 los nueve meses con un aumento del 4,8% en su producci\u00f3n, tras cerrar septiembre con una suba del 8,1%. Con este crecimiento, la industria brasilera tiene la expectativa de que este a\u00f1o se complete la recuperaci\u00f3n de producci\u00f3n y logre alcanzar nuevamente los 900 millones de pares fabricados. [&hellip;]<\/p>\n","protected":false},"author":3,"featured_media":0,"comment_status":"closed","ping_status":"closed","sticky":false,"template":"","format":"standard","meta":{"footnotes":""},"categories":[43,61],"tags":[],"class_list":["post-24879","post","type-post","status-publish","format-standard","hentry","category-industrias","category-noticias-de-america-latina","count-0","even alt","author-adminca","last"],"_links":{"self":[{"href":"http:\/\/cueroamerica.info\/wpnews\/wp-json\/wp\/v2\/posts\/24879","targetHints":{"allow":["GET"]}}],"collection":[{"href":"http:\/\/cueroamerica.info\/wpnews\/wp-json\/wp\/v2\/posts"}],"about":[{"href":"http:\/\/cueroamerica.info\/wpnews\/wp-json\/wp\/v2\/types\/post"}],"author":[{"embeddable":true,"href":"http:\/\/cueroamerica.info\/wpnews\/wp-json\/wp\/v2\/users\/3"}],"replies":[{"embeddable":true,"href":"http:\/\/cueroamerica.info\/wpnews\/wp-json\/wp\/v2\/comments?post=24879"}],"version-history":[{"count":3,"href":"http:\/\/cueroamerica.info\/wpnews\/wp-json\/wp\/v2\/posts\/24879\/revisions"}],"predecessor-version":[{"id":24909,"href":"http:\/\/cueroamerica.info\/wpnews\/wp-json\/wp\/v2\/posts\/24879\/revisions\/24909"}],"wp:attachment":[{"href":"http:\/\/cueroamerica.info\/wpnews\/wp-json\/wp\/v2\/media?parent=24879"}],"wp:term":[{"taxonomy":"category","embeddable":true,"href":"http:\/\/cueroamerica.info\/wpnews\/wp-json\/wp\/v2\/categories?post=24879"},{"taxonomy":"post_tag","embeddable":true,"href":"http:\/\/cueroamerica.info\/wpnews\/wp-json\/wp\/v2\/tags?post=24879"}],"curies":[{"name":"wp","href":"https:\/\/api.w.org\/{rel}","templated":true}]}}