{"id":25120,"date":"2024-12-23T10:48:51","date_gmt":"2024-12-23T13:48:51","guid":{"rendered":"http:\/\/cueroamerica.info\/wpnews\/?p=25120"},"modified":"2024-12-23T10:48:51","modified_gmt":"2024-12-23T13:48:51","slug":"bolivia-proxima-a-inaugurar-un-polo-para-producir-cueros-y-fibras-de-llamas-y-alpacas","status":"publish","type":"post","link":"http:\/\/cueroamerica.info\/wpnews\/2024\/12\/bolivia-proxima-a-inaugurar-un-polo-para-producir-cueros-y-fibras-de-llamas-y-alpacas\/","title":{"rendered":"Bolivia pr\u00f3xima a inaugurar un polo para producir cueros y fibras de llamas y alpacas"},"content":{"rendered":"<p>El presidente de Bolivia, Luis Arce, anunci\u00f3 que el centro dedicado a cam\u00e9lidos, ubicado en el municipio de Turco, ya est\u00e1 pr\u00f3ximo a su inauguraci\u00f3n. Con un avance del 95% de las obras, la infraestructura representa un punto de inflexi\u00f3n para la valorizaci\u00f3n del patrimonio ganadero boliviano. El proyecto, que requiri\u00f3 una inversi\u00f3n total de US$ 95 millones, tiene como objetivo transformar los recursos de los cam\u00e9lidos en productos de valor a\u00f1adido.<\/p>\n<table>\n<tbody>\n<tr>\n<td>\n<p><div id=\"attachment_25101\" style=\"width: 310px\" class=\"wp-caption aligncenter\"><a href=\"http:\/\/cueroamerica.info\/wpnews\/wp-content\/uploads\/2024\/12\/Nuevo-centro-dedicado-a-camelidos-ubicado-en-el-municipio-de-Turco-proximo-a-inaugurarse.-.jpg\"><img loading=\"lazy\" decoding=\"async\" aria-describedby=\"caption-attachment-25101\" class=\"size-medium wp-image-25101\" src=\"http:\/\/cueroamerica.info\/wpnews\/wp-content\/uploads\/2024\/12\/Nuevo-centro-dedicado-a-camelidos-ubicado-en-el-municipio-de-Turco-proximo-a-inaugurarse.--300x200.jpg\" alt=\"\" width=\"300\" height=\"200\" srcset=\"http:\/\/cueroamerica.info\/wpnews\/wp-content\/uploads\/2024\/12\/Nuevo-centro-dedicado-a-camelidos-ubicado-en-el-municipio-de-Turco-proximo-a-inaugurarse.--300x200.jpg 300w, http:\/\/cueroamerica.info\/wpnews\/wp-content\/uploads\/2024\/12\/Nuevo-centro-dedicado-a-camelidos-ubicado-en-el-municipio-de-Turco-proximo-a-inaugurarse.--768x511.jpg 768w, http:\/\/cueroamerica.info\/wpnews\/wp-content\/uploads\/2024\/12\/Nuevo-centro-dedicado-a-camelidos-ubicado-en-el-municipio-de-Turco-proximo-a-inaugurarse.-.jpg 1000w\" sizes=\"auto, (max-width: 300px) 100vw, 300px\" \/><\/a><p id=\"caption-attachment-25101\" class=\"wp-caption-text\">Nuevo centro dedicado a cam\u00e9lidos ubicado en el municipio de Turco pr\u00f3ximo a inaugurarse.<\/p><\/div><\/td>\n<td>\n<p><div id=\"attachment_25104\" style=\"width: 277px\" class=\"wp-caption aligncenter\"><a href=\"http:\/\/cueroamerica.info\/wpnews\/wp-content\/uploads\/2024\/12\/Vista-de-el-sector-curtido-en-la-planta-construida-en-Turco-por-el-gobierno-de-Bolivia.-.jpg\"><img loading=\"lazy\" decoding=\"async\" aria-describedby=\"caption-attachment-25104\" class=\" wp-image-25104\" src=\"http:\/\/cueroamerica.info\/wpnews\/wp-content\/uploads\/2024\/12\/Vista-de-el-sector-curtido-en-la-planta-construida-en-Turco-por-el-gobierno-de-Bolivia.--300x225.jpg\" alt=\"\" width=\"267\" height=\"200\" srcset=\"http:\/\/cueroamerica.info\/wpnews\/wp-content\/uploads\/2024\/12\/Vista-de-el-sector-curtido-en-la-planta-construida-en-Turco-por-el-gobierno-de-Bolivia.--300x225.jpg 300w, http:\/\/cueroamerica.info\/wpnews\/wp-content\/uploads\/2024\/12\/Vista-de-el-sector-curtido-en-la-planta-construida-en-Turco-por-el-gobierno-de-Bolivia.--768x576.jpg 768w, http:\/\/cueroamerica.info\/wpnews\/wp-content\/uploads\/2024\/12\/Vista-de-el-sector-curtido-en-la-planta-construida-en-Turco-por-el-gobierno-de-Bolivia.-.jpg 843w\" sizes=\"auto, (max-width: 267px) 100vw, 267px\" \/><\/a><p id=\"caption-attachment-25104\" class=\"wp-caption-text\">Vista de el sector curtido en la planta constru\u00edda en Turco por el gobierno de Bolivia.<\/p><\/div><\/td>\n<\/tr>\n<\/tbody>\n<\/table>\n<p>La planta estar\u00e1 equipada con instalaciones para al procesamiento industrial de carne de llama, as\u00ed como con una moderna curtidur\u00eda de precisi\u00f3n para procesar cuero y crear ropa, calzado y artesan\u00edas.<\/p>\n<p>El complejo estar\u00e1 sostenido por dos estructuras complementarias. Seg\u00fan inform\u00f3 la prensa local, a la planta de tratamiento de aguas residuales se sumar\u00e1 un laboratorio de mejoramiento gen\u00e9tico, dedicado a incrementar la calidad y cantidad de la cr\u00eda de llamas y alpacas. Es decir, la nueva apertura pretende convertir el polo de Turco en un modelo, en base al rodeo de 2,6 millones de llamas y casi medio mill\u00f3n de alpacas que posee Bolivia.<\/p>\n<div id=\"attachment_25103\" style=\"width: 250px\" class=\"wp-caption alignleft\"><a href=\"http:\/\/cueroamerica.info\/wpnews\/wp-content\/uploads\/2024\/12\/Rebano-de-llamas-.jpg\"><img loading=\"lazy\" decoding=\"async\" aria-describedby=\"caption-attachment-25103\" class=\" wp-image-25103\" src=\"http:\/\/cueroamerica.info\/wpnews\/wp-content\/uploads\/2024\/12\/Rebano-de-llamas--300x169.jpg\" alt=\"\" width=\"240\" height=\"135\" srcset=\"http:\/\/cueroamerica.info\/wpnews\/wp-content\/uploads\/2024\/12\/Rebano-de-llamas--300x169.jpg 300w, http:\/\/cueroamerica.info\/wpnews\/wp-content\/uploads\/2024\/12\/Rebano-de-llamas--768x432.jpg 768w, http:\/\/cueroamerica.info\/wpnews\/wp-content\/uploads\/2024\/12\/Rebano-de-llamas-.jpg 840w\" sizes=\"auto, (max-width: 240px) 100vw, 240px\" \/><\/a><p id=\"caption-attachment-25103\" class=\"wp-caption-text\">Reba\u00f1o de llamas.<\/p><\/div>\n<p>Se proyecta que cada a\u00f1o se procesar\u00e1n 1.140 toneladas de carne de llama, 90 toneladas de harina de huesos y 45.000 pieles.<\/p>\n<p>Pero adem\u00e1s, un laboratorio especializado procesar\u00e1 190.000 toneladas de fibras. Los n\u00fameros reflejan el objetivo de transformar el sector ganadero en un recurso econ\u00f3mico estrat\u00e9gico, potenciando el papel de los cam\u00e9lidos en la cultura y econom\u00eda del pa\u00eds.<\/p>\n<p>Con este nuevo complejo, que se suma a una planta similar ya operativa en el distrito de Laja, Bolivia pretende consolidar su posici\u00f3n en el mercado internacional de fibra, cueros y carne de llama.<br \/>\n&#8212;&#8212;&#8212;&#8212;&#8212;&#8212;&#8212;&#8212;&#8212;&#8212;&#8212;&#8212;&#8212;&#8212;<br \/>\nLa Conceria \/ CueroAm\u00e9rica<\/p>\n<p>&#8212;&#8212;&#8212;&#8212;&#8212;&#8212;&#8212;&#8212;<br \/>\nPara comunicarse con CueroAm\u00e9rica: <span style=\"color: #3366ff;\"><a style=\"color: #3366ff;\" href=\"mailto:contacto@cueroamerica.com\">contacto@cueroamerica.com<\/a><\/span><\/p>\n<table>\n<tbody>\n<tr>\n<td width=\"300\"><a href=\"https:\/\/www.pellital.com.ar\" target=\"_blank\" rel=\"noopener\"><img loading=\"lazy\" decoding=\"async\" class=\"aligncenter\" src=\"http:\/\/cueroamerica.info\/img\/publicidad\/2023\/aviso300x200_1a.jpg\" alt=\"\" width=\"300\" height=\"200\" \/><\/a><\/td>\n<td width=\"171\"><a href=\"https:\/\/www.leathernaturally.org\/Modern-Leather-Making-Download\" target=\"_blank\" rel=\"noopener\"><img loading=\"lazy\" decoding=\"async\" class=\"aligncenter\" src=\"http:\/\/cueroamerica.info\/img\/publicidad\/2022\/leathernaturally.png\" alt=\"\" width=\"300\" height=\"200\" \/><\/a><\/td>\n<\/tr>\n<\/tbody>\n<\/table>\n","protected":false},"excerpt":{"rendered":"<p>El presidente de Bolivia, Luis Arce, anunci\u00f3 que el centro dedicado a cam\u00e9lidos, ubicado en el municipio de Turco, ya est\u00e1 pr\u00f3ximo a su inauguraci\u00f3n. Con un avance del 95% de las obras, la infraestructura representa un punto de inflexi\u00f3n para la valorizaci\u00f3n del patrimonio ganadero boliviano. El proyecto, que requiri\u00f3 una inversi\u00f3n total de [&hellip;]<\/p>\n","protected":false},"author":3,"featured_media":0,"comment_status":"closed","ping_status":"closed","sticky":false,"template":"","format":"standard","meta":{"footnotes":""},"categories":[72,78,71,74,7,61],"tags":[],"class_list":["post-25120","post","type-post","status-publish","format-standard","hentry","category-actualidad","category-acuerdos","category-asociaciones","category-congresos","category-cuero-y-pieles","category-noticias-de-america-latina","count-0","even alt","author-adminca","last"],"_links":{"self":[{"href":"http:\/\/cueroamerica.info\/wpnews\/wp-json\/wp\/v2\/posts\/25120","targetHints":{"allow":["GET"]}}],"collection":[{"href":"http:\/\/cueroamerica.info\/wpnews\/wp-json\/wp\/v2\/posts"}],"about":[{"href":"http:\/\/cueroamerica.info\/wpnews\/wp-json\/wp\/v2\/types\/post"}],"author":[{"embeddable":true,"href":"http:\/\/cueroamerica.info\/wpnews\/wp-json\/wp\/v2\/users\/3"}],"replies":[{"embeddable":true,"href":"http:\/\/cueroamerica.info\/wpnews\/wp-json\/wp\/v2\/comments?post=25120"}],"version-history":[{"count":2,"href":"http:\/\/cueroamerica.info\/wpnews\/wp-json\/wp\/v2\/posts\/25120\/revisions"}],"predecessor-version":[{"id":25122,"href":"http:\/\/cueroamerica.info\/wpnews\/wp-json\/wp\/v2\/posts\/25120\/revisions\/25122"}],"wp:attachment":[{"href":"http:\/\/cueroamerica.info\/wpnews\/wp-json\/wp\/v2\/media?parent=25120"}],"wp:term":[{"taxonomy":"category","embeddable":true,"href":"http:\/\/cueroamerica.info\/wpnews\/wp-json\/wp\/v2\/categories?post=25120"},{"taxonomy":"post_tag","embeddable":true,"href":"http:\/\/cueroamerica.info\/wpnews\/wp-json\/wp\/v2\/tags?post=25120"}],"curies":[{"name":"wp","href":"https:\/\/api.w.org\/{rel}","templated":true}]}}