{"id":26046,"date":"2025-06-24T12:33:28","date_gmt":"2025-06-24T15:33:28","guid":{"rendered":"http:\/\/cueroamerica.info\/wpnews\/?p=26046"},"modified":"2025-06-24T12:33:28","modified_gmt":"2025-06-24T15:33:28","slug":"la-industria-de-colombia-va-a-presentar-en-ifls-y-eici-las-novedades-de-temporada","status":"publish","type":"post","link":"http:\/\/cueroamerica.info\/wpnews\/2025\/06\/la-industria-de-colombia-va-a-presentar-en-ifls-y-eici-las-novedades-de-temporada\/","title":{"rendered":"La industria de Colombia va a presentar en IFLS y EICI las novedades de temporada"},"content":{"rendered":"<p><a href=\"http:\/\/cueroamerica.info\/wpnews\/wp-content\/uploads\/2025\/06\/ILFS-_2-2024.jpg\"><img loading=\"lazy\" decoding=\"async\" class=\" wp-image-26027 alignright\" src=\"http:\/\/cueroamerica.info\/wpnews\/wp-content\/uploads\/2025\/06\/ILFS-_2-2024-300x143.jpg\" alt=\"\" width=\"248\" height=\"118\" srcset=\"http:\/\/cueroamerica.info\/wpnews\/wp-content\/uploads\/2025\/06\/ILFS-_2-2024-300x143.jpg 300w, http:\/\/cueroamerica.info\/wpnews\/wp-content\/uploads\/2025\/06\/ILFS-_2-2024-768x367.jpg 768w, http:\/\/cueroamerica.info\/wpnews\/wp-content\/uploads\/2025\/06\/ILFS-_2-2024.jpg 1001w\" sizes=\"auto, (max-width: 248px) 100vw, 248px\" \/><\/a>La pr\u00f3xima edici\u00f3n de las ferias IFLS y EICI, organizadas por ACICAM, se celebrar\u00e1 del 1 al 4 de julio de 2025 en Corferias, Bogot\u00e1. Esta edici\u00f3n, que marca el aniversario 50 del International Footwear &amp; Leather Show y la edici\u00f3n 32 de la Exhibici\u00f3n Internacional del Cuero, Insumos, Maquinaria y Tecnolog\u00eda, llega con una propuesta renovada que posiciona al cuero colombiano como protagonista de una moda consciente, innovadora y con identidad.<\/p>\n<p><a href=\"http:\/\/cueroamerica.info\/wpnews\/wp-content\/uploads\/2025\/06\/ifls-9-scaled.jpg\"><img loading=\"lazy\" decoding=\"async\" class=\" wp-image-26024 alignleft\" src=\"http:\/\/cueroamerica.info\/wpnews\/wp-content\/uploads\/2025\/06\/ifls-9-300x200.jpg\" alt=\"\" width=\"245\" height=\"163\" srcset=\"http:\/\/cueroamerica.info\/wpnews\/wp-content\/uploads\/2025\/06\/ifls-9-300x200.jpg 300w, http:\/\/cueroamerica.info\/wpnews\/wp-content\/uploads\/2025\/06\/ifls-9-1024x683.jpg 1024w, http:\/\/cueroamerica.info\/wpnews\/wp-content\/uploads\/2025\/06\/ifls-9-768x512.jpg 768w, http:\/\/cueroamerica.info\/wpnews\/wp-content\/uploads\/2025\/06\/ifls-9-1536x1024.jpg 1536w, http:\/\/cueroamerica.info\/wpnews\/wp-content\/uploads\/2025\/06\/ifls-9-2048x1365.jpg 2048w\" sizes=\"auto, (max-width: 245px) 100vw, 245px\" \/><\/a>Con m\u00e1s de 400 expositores y una afluencia proyectada de 11.000 visitantes, IFLS+EICI se consolida como la principal plataforma de negocios para el sector del cuero, calzado, marroquiner\u00eda e insumos de Colombia y la regi\u00f3n andina. All\u00ed convergen fabricantes, dise\u00f1adores, distribuidores, compradores mayoristas y expertos en innovaci\u00f3n, en un ecosistema que impulsa el desarrollo econ\u00f3mico y creativo del pa\u00eds. Las colecciones que se presentar\u00e1n evidencian c\u00f3mo el cuero, m\u00e1s all\u00e1 de su durabilidad y elegancia, es tambi\u00e9n una expresi\u00f3n de sostenibilidad y autenticidad. \u201cHoy el consumidor est\u00e1 m\u00e1s informado y busca piezas que duren, que cuenten una historia. El cuero tiene una capacidad \u00fanica para lograrlo\u201d, destaca Claudia Marcela Sanz, consultora de moda de ACICAM.<\/p>\n<p><a href=\"http:\/\/cueroamerica.info\/wpnews\/wp-content\/uploads\/2025\/06\/IFLS-_7.jpg\"><img loading=\"lazy\" decoding=\"async\" class=\" wp-image-26026 alignright\" src=\"http:\/\/cueroamerica.info\/wpnews\/wp-content\/uploads\/2025\/06\/IFLS-_7-300x200.jpg\" alt=\"\" width=\"245\" height=\"163\" srcset=\"http:\/\/cueroamerica.info\/wpnews\/wp-content\/uploads\/2025\/06\/IFLS-_7-300x200.jpg 300w, http:\/\/cueroamerica.info\/wpnews\/wp-content\/uploads\/2025\/06\/IFLS-_7-768x512.jpg 768w, http:\/\/cueroamerica.info\/wpnews\/wp-content\/uploads\/2025\/06\/IFLS-_7.jpg 1000w\" sizes=\"auto, (max-width: 245px) 100vw, 245px\" \/><\/a>Bajo el lema de la ancestralidad y la experiencia sensorial, el evento se plantea como un espacio donde tradici\u00f3n y futuro dialogan a trav\u00e9s del dise\u00f1o con prop\u00f3sito. Las pasarelas estar\u00e1n guiadas por cuatro macrotendencias clave que definen el presente creativo del sector: Inmersia, donde la emoci\u00f3n se fusiona con la tecnolog\u00eda; Elipsis, que reinterpreta el esp\u00edritu libre de los a\u00f1os 70 desde una \u00f3ptica contempor\u00e1nea; Ind\u00f3mito, como una declaraci\u00f3n est\u00e9tica de ruptura, rebeld\u00eda e individualidad; y Uranima, una oda a lo ancestral, lo artesanal y la conexi\u00f3n con la tierra. El cuero aparece como el material ideal para expresar estos relatos visuales y t\u00e1ctiles, aportando una textura emocional que trasciende la moda r\u00e1pida.<\/p>\n<p><a href=\"http:\/\/cueroamerica.info\/wpnews\/wp-content\/uploads\/2025\/06\/IFLS-_10--scaled.jpg\"><img loading=\"lazy\" decoding=\"async\" class=\" wp-image-26023 alignleft\" src=\"http:\/\/cueroamerica.info\/wpnews\/wp-content\/uploads\/2025\/06\/IFLS-_10--300x200.jpg\" alt=\"\" width=\"242\" height=\"161\" srcset=\"http:\/\/cueroamerica.info\/wpnews\/wp-content\/uploads\/2025\/06\/IFLS-_10--300x200.jpg 300w, http:\/\/cueroamerica.info\/wpnews\/wp-content\/uploads\/2025\/06\/IFLS-_10--1024x683.jpg 1024w, http:\/\/cueroamerica.info\/wpnews\/wp-content\/uploads\/2025\/06\/IFLS-_10--768x512.jpg 768w, http:\/\/cueroamerica.info\/wpnews\/wp-content\/uploads\/2025\/06\/IFLS-_10--1536x1025.jpg 1536w, http:\/\/cueroamerica.info\/wpnews\/wp-content\/uploads\/2025\/06\/IFLS-_10--2048x1366.jpg 2048w\" sizes=\"auto, (max-width: 242px) 100vw, 242px\" \/><\/a>Adem\u00e1s de las exhibiciones comerciales, IFLS+EICI ofrecer\u00e1 espacios acad\u00e9micos y de actualizaci\u00f3n profesional: conferencias sobre sostenibilidad, workshops de innovaci\u00f3n en procesos productivos, encuentros con compradores exranjeros y rondas de negocios que impulsan la internacionalizaci\u00f3n del sector. Las marcas presentar\u00e1n lanzamientos exclusivos y propuestas que responden a un consumidor m\u00e1s exigente, consciente de su impacto y conectado con su entorno.<\/p>\n<p>Esta edici\u00f3n tambi\u00e9n ser\u00e1 un espacio para visibilizar a los nuevos talentos del dise\u00f1o colombiano, promoviendo la inclusi\u00f3n de voces j\u00f3venes que reinterpretan el uso del cuero desde lenguajes m\u00e1s art\u00edsticos y contempor\u00e1neos. La feria se proyecta as\u00ed como un laboratorio creativo que estimula la evoluci\u00f3n est\u00e9tica, productiva y \u00e9tica de la industria.<\/p>\n<p><a href=\"http:\/\/cueroamerica.info\/wpnews\/wp-content\/uploads\/2025\/06\/EICI-_-.jpg\"><img loading=\"lazy\" decoding=\"async\" class=\" wp-image-26025 alignright\" src=\"http:\/\/cueroamerica.info\/wpnews\/wp-content\/uploads\/2025\/06\/EICI-_--300x193.jpg\" alt=\"\" width=\"242\" height=\"156\" srcset=\"http:\/\/cueroamerica.info\/wpnews\/wp-content\/uploads\/2025\/06\/EICI-_--300x193.jpg 300w, http:\/\/cueroamerica.info\/wpnews\/wp-content\/uploads\/2025\/06\/EICI-_--768x494.jpg 768w, http:\/\/cueroamerica.info\/wpnews\/wp-content\/uploads\/2025\/06\/EICI-_-.jpg 879w\" sizes=\"auto, (max-width: 242px) 100vw, 242px\" \/><\/a>IFLS+EICI es un term\u00f3metro de lo que viene en la industria: un punto de encuentro para quienes est\u00e1n repensando la moda desde lo local con una mirada global. Una oportunidad para mostrar que en Colombia se dise\u00f1a con prop\u00f3sito, se produce con t\u00e9cnica y se proyecta con visi\u00f3n. Un evento que, m\u00e1s all\u00e1 del negocio, celebra la identidad, la transformaci\u00f3n y el potencial del cuero colombiano en el mundo.<br \/>\n&#8212;&#8212;&#8212;&#8212;&#8212;&#8212;&#8212;&#8212;&#8212;&#8212;&#8212;&#8212;&#8212;<br \/>\nACICAM \/ CueroAm\u00e9rica<\/p>\n<p>&#8212;&#8212;&#8212;&#8212;&#8212;&#8212;&#8212;&#8212;<br \/>\nPara comunicarse con CueroAm\u00e9rica: <span style=\"color: #3366ff;\"><a style=\"color: #3366ff;\" href=\"mailto:contacto@cueroamerica.com\">contacto@cueroamerica.com<\/a><\/span><\/p>\n<table>\n<tbody>\n<tr>\n<td width=\"300\"><a href=\"https:\/\/www.pellital.com.ar\" target=\"_blank\" rel=\"noopener\"><img loading=\"lazy\" decoding=\"async\" src=\"http:\/\/cueroamerica.info\/img\/publicidad\/2023\/aviso300x200_1a.jpg\" alt=\"\" width=\"300\" height=\"200\" \/><\/a><\/td>\n<td width=\"171\"><a href=\"https:\/\/quimser.com\/eco-curtido-2\/?lang=es\" target=\"_blank\" rel=\"noopener\"><img decoding=\"async\" class=\"aligncenter\" src=\"http:\/\/cueroamerica.info\/img\/publicidad\/2023\/banner_quimser2023.jpg\" alt=\"\" width=\"auto\" height=\"auto\" \/><\/a><\/td>\n<\/tr>\n<\/tbody>\n<\/table>\n","protected":false},"excerpt":{"rendered":"<p>La pr\u00f3xima edici\u00f3n de las ferias IFLS y EICI, organizadas por ACICAM, se celebrar\u00e1 del 1 al 4 de julio de 2025 en Corferias, Bogot\u00e1. Esta edici\u00f3n, que marca el aniversario 50 del International Footwear &amp; Leather Show y la edici\u00f3n 32 de la Exhibici\u00f3n Internacional del Cuero, Insumos, Maquinaria y Tecnolog\u00eda, llega con una [&hellip;]<\/p>\n","protected":false},"author":3,"featured_media":0,"comment_status":"closed","ping_status":"closed","sticky":false,"template":"","format":"standard","meta":{"footnotes":""},"categories":[65],"tags":[],"class_list":["post-26046","post","type-post","status-publish","format-standard","hentry","category-ferias-proximas","count-0","even alt","author-adminca","last"],"_links":{"self":[{"href":"http:\/\/cueroamerica.info\/wpnews\/wp-json\/wp\/v2\/posts\/26046","targetHints":{"allow":["GET"]}}],"collection":[{"href":"http:\/\/cueroamerica.info\/wpnews\/wp-json\/wp\/v2\/posts"}],"about":[{"href":"http:\/\/cueroamerica.info\/wpnews\/wp-json\/wp\/v2\/types\/post"}],"author":[{"embeddable":true,"href":"http:\/\/cueroamerica.info\/wpnews\/wp-json\/wp\/v2\/users\/3"}],"replies":[{"embeddable":true,"href":"http:\/\/cueroamerica.info\/wpnews\/wp-json\/wp\/v2\/comments?post=26046"}],"version-history":[{"count":4,"href":"http:\/\/cueroamerica.info\/wpnews\/wp-json\/wp\/v2\/posts\/26046\/revisions"}],"predecessor-version":[{"id":26050,"href":"http:\/\/cueroamerica.info\/wpnews\/wp-json\/wp\/v2\/posts\/26046\/revisions\/26050"}],"wp:attachment":[{"href":"http:\/\/cueroamerica.info\/wpnews\/wp-json\/wp\/v2\/media?parent=26046"}],"wp:term":[{"taxonomy":"category","embeddable":true,"href":"http:\/\/cueroamerica.info\/wpnews\/wp-json\/wp\/v2\/categories?post=26046"},{"taxonomy":"post_tag","embeddable":true,"href":"http:\/\/cueroamerica.info\/wpnews\/wp-json\/wp\/v2\/tags?post=26046"}],"curies":[{"name":"wp","href":"https:\/\/api.w.org\/{rel}","templated":true}]}}