{"id":26981,"date":"2025-12-04T13:33:01","date_gmt":"2025-12-04T16:33:01","guid":{"rendered":"http:\/\/cueroamerica.info\/wpnews\/?p=26981"},"modified":"2025-12-04T13:52:33","modified_gmt":"2025-12-04T16:52:33","slug":"brasil-fuerte-reduccion-en-las-exportaciones-de-calzado-por-la-guerra-comercial-de-trump","status":"publish","type":"post","link":"http:\/\/cueroamerica.info\/wpnews\/2025\/12\/brasil-fuerte-reduccion-en-las-exportaciones-de-calzado-por-la-guerra-comercial-de-trump\/","title":{"rendered":"Brasil: fuerte reducci\u00f3n en las exportaciones de calzado por la guerra comercial de Trump"},"content":{"rendered":"<div id=\"attachment_26977\" style=\"width: 255px\" class=\"wp-caption alignleft\"><a href=\"http:\/\/cueroamerica.info\/wpnews\/wp-content\/uploads\/2025\/12\/Fabrica-de-calzado_6.jpg\"><img loading=\"lazy\" decoding=\"async\" aria-describedby=\"caption-attachment-26977\" class=\" wp-image-26977\" src=\"http:\/\/cueroamerica.info\/wpnews\/wp-content\/uploads\/2025\/12\/Fabrica-de-calzado_6-300x200.jpg\" alt=\"\" width=\"245\" height=\"163\" srcset=\"http:\/\/cueroamerica.info\/wpnews\/wp-content\/uploads\/2025\/12\/Fabrica-de-calzado_6-300x200.jpg 300w, http:\/\/cueroamerica.info\/wpnews\/wp-content\/uploads\/2025\/12\/Fabrica-de-calzado_6.jpg 601w\" sizes=\"auto, (max-width: 245px) 100vw, 245px\" \/><\/a><p id=\"caption-attachment-26977\" class=\"wp-caption-text\">Fabrica de calzados en Brasil.<\/p><\/div>\n<p>En octubre pasado la industria del calzado de Brasil, tuvo el peor resultado para ese mes en una d\u00e9cada. Debido a la ca\u00edda de las exportaciones a los Estados Unidos la industria perdi\u00f3 1.650 empleos, por lo que el n\u00famero total de empleos directos en octubre cerr\u00f3 en 294.220, una disminuci\u00f3n del 0,6 % en comparaci\u00f3n con el mismo per\u00edodo del a\u00f1o anterior. Por primera vez en 2025, el n\u00famero total de empleos est\u00e1 por debajo del nivel del a\u00f1o anterior, revirtiendo un escenario de crecimiento.<\/p>\n<p>Los datos pertenecen a la Asociaci\u00f3n Brasile\u00f1a de Industrias del Calzado (Abical\u00e7ados), basados en cifras publicadas por el Ministerio de Trabajo y Empleo (MTE). En este sentido, el director e<\/p>\n<p>jecutivo de Abical\u00e7ados, Haroldo Ferreira, asegura que los datos generan preocupaci\u00f3n sobre los efectos de la pol\u00edtica arancelaria estadounidense.<\/p>\n<p><a href=\"http:\/\/cueroamerica.info\/wpnews\/wp-content\/uploads\/2025\/12\/Fabrica-de-calzado_37.jpg\"><img loading=\"lazy\" decoding=\"async\" class=\" wp-image-26979 alignright\" src=\"http:\/\/cueroamerica.info\/wpnews\/wp-content\/uploads\/2025\/12\/Fabrica-de-calzado_37-300x169.jpg\" alt=\"\" width=\"243\" height=\"137\" srcset=\"http:\/\/cueroamerica.info\/wpnews\/wp-content\/uploads\/2025\/12\/Fabrica-de-calzado_37-300x169.jpg 300w, http:\/\/cueroamerica.info\/wpnews\/wp-content\/uploads\/2025\/12\/Fabrica-de-calzado_37.jpg 550w\" sizes=\"auto, (max-width: 243px) 100vw, 243px\" \/><\/a>Ferreira sostiene que el arancel adicional del 50% sigue vigente para el calzado brasilero enviado a los Estados Unidos. Y apunt\u00f3 que \u201cmantener la vigencia de la medida a finales de este a\u00f1o ya compromete los env\u00edos para la pr\u00f3xima temporada. Si Estados Unidos no elimina el calzado de la lista de productos sujetos a aranceles en 2025, Abical\u00e7ados estima un riesgo de p\u00e9rdida de 8.000 empleos directos en la industria del calzado en 2026\u201d.<\/p>\n<p>El estado que m\u00e1s emplea en el sector brasilero del calzado es Rio Grande do Sul, que perdi\u00f3 910 empleos s\u00f3lo en octubre. Dos tercios de las p\u00e9rdidas se concentran en las regiones de Vale do Rio dos Sinos y Vale do Paranhana-Encosta da Serra, las principales empleadoras del sector en el estado.<\/p>\n<p><a href=\"http:\/\/cueroamerica.info\/wpnews\/wp-content\/uploads\/2025\/12\/Fabrica-de-calzado_20.jpg\"><img loading=\"lazy\" decoding=\"async\" class=\"wp-image-26978 alignleft\" src=\"http:\/\/cueroamerica.info\/wpnews\/wp-content\/uploads\/2025\/12\/Fabrica-de-calzado_20-300x217.jpg\" alt=\"\" width=\"239\" height=\"173\" srcset=\"http:\/\/cueroamerica.info\/wpnews\/wp-content\/uploads\/2025\/12\/Fabrica-de-calzado_20-300x217.jpg 300w, http:\/\/cueroamerica.info\/wpnews\/wp-content\/uploads\/2025\/12\/Fabrica-de-calzado_20.jpg 400w\" sizes=\"auto, (max-width: 239px) 100vw, 239px\" \/><\/a>En los \u00faltimos tres meses, per\u00edodo en que la medida arancelaria estadounidense estuvo vigente, el estado perdi\u00f3 1.830 empleos, cerrando octubre con un total de 80.630 empleos directos en la actividad, un 4,8 % inferior al del mismo per\u00edodo del a\u00f1o anterior.<\/p>\n<p>San Pablo perdi\u00f3 152 empleos en octubre, casi el 80 % de los cuales se ubicaron en la regi\u00f3n de Franca, donde el sector es el principal empleador y tiene a Estados Unidos como principal destino. El estado cerr\u00f3 octubre con un total de 33.530 empleos directos en la industria del calzado, un 1,6 % inferior al del mismo per\u00edodo de 2024.<br \/>\n&#8212;&#8212;&#8212;&#8212;&#8212;&#8212;&#8212;&#8212;&#8212;&#8212;&#8212;&#8212;&#8212;&#8212;&#8212;&#8211;<br \/>\nABICAL\u00c7ADOS \/ CueroAm\u00e9rica<br \/>\n&#8212;&#8212;&#8212;&#8212;&#8212;&#8212;&#8212;&#8212;<br \/>\nPara comunicarse con CueroAm\u00e9rica: <span style=\"color: #3366ff;\"><a style=\"color: #3366ff;\" href=\"mailto:contacto@cueroamerica.com\">contacto@cueroamerica.com<\/a><\/span><\/p>\n<table>\n<tbody>\n<tr>\n<td width=\"300\"><a href=\"https:\/\/www.pellital.com.ar\" target=\"_blank\" rel=\"noopener\"><img loading=\"lazy\" decoding=\"async\" class=\"aligncenter\" src=\"http:\/\/cueroamerica.info\/img\/publicidad\/2023\/aviso300x300_mesatrabajo2.gif\" alt=\"\" width=\"300\" height=\"300\" \/><\/a><\/td>\n<td width=\"171\"><a href=\"https:\/\/www.aplf.com\/?utm_medium=Ads&amp;utm_source=Digital_Barter&amp;utm_campaign=202603aplf_EP_aplf26_banner_cueroamerica&amp;utm_content=aplf26_banner_cueroamerica\" target=\"_blank\" rel=\"noopener\"><img loading=\"lazy\" decoding=\"async\" class=\"aligncenter\" src=\"http:\/\/cueroamerica.info\/img\/publicidad\/2025\/aplf26_leather_banner_300x300.png\" alt=\"\" width=\"300\" height=\"300\" \/><\/a><\/td>\n<\/tr>\n<\/tbody>\n<\/table>\n","protected":false},"excerpt":{"rendered":"<p>En octubre pasado la industria del calzado de Brasil, tuvo el peor resultado para ese mes en una d\u00e9cada. Debido a la ca\u00edda de las exportaciones a los Estados Unidos la industria perdi\u00f3 1.650 empleos, por lo que el n\u00famero total de empleos directos en octubre cerr\u00f3 en 294.220, una disminuci\u00f3n del 0,6 % en [&hellip;]<\/p>\n","protected":false},"author":3,"featured_media":0,"comment_status":"closed","ping_status":"closed","sticky":false,"template":"","format":"standard","meta":{"footnotes":""},"categories":[43,61],"tags":[],"class_list":["post-26981","post","type-post","status-publish","format-standard","hentry","category-industrias","category-noticias-de-america-latina","count-0","even alt","author-adminca","last"],"_links":{"self":[{"href":"http:\/\/cueroamerica.info\/wpnews\/wp-json\/wp\/v2\/posts\/26981","targetHints":{"allow":["GET"]}}],"collection":[{"href":"http:\/\/cueroamerica.info\/wpnews\/wp-json\/wp\/v2\/posts"}],"about":[{"href":"http:\/\/cueroamerica.info\/wpnews\/wp-json\/wp\/v2\/types\/post"}],"author":[{"embeddable":true,"href":"http:\/\/cueroamerica.info\/wpnews\/wp-json\/wp\/v2\/users\/3"}],"replies":[{"embeddable":true,"href":"http:\/\/cueroamerica.info\/wpnews\/wp-json\/wp\/v2\/comments?post=26981"}],"version-history":[{"count":5,"href":"http:\/\/cueroamerica.info\/wpnews\/wp-json\/wp\/v2\/posts\/26981\/revisions"}],"predecessor-version":[{"id":26987,"href":"http:\/\/cueroamerica.info\/wpnews\/wp-json\/wp\/v2\/posts\/26981\/revisions\/26987"}],"wp:attachment":[{"href":"http:\/\/cueroamerica.info\/wpnews\/wp-json\/wp\/v2\/media?parent=26981"}],"wp:term":[{"taxonomy":"category","embeddable":true,"href":"http:\/\/cueroamerica.info\/wpnews\/wp-json\/wp\/v2\/categories?post=26981"},{"taxonomy":"post_tag","embeddable":true,"href":"http:\/\/cueroamerica.info\/wpnews\/wp-json\/wp\/v2\/tags?post=26981"}],"curies":[{"name":"wp","href":"https:\/\/api.w.org\/{rel}","templated":true}]}}