{"id":27502,"date":"2026-04-23T13:02:21","date_gmt":"2026-04-23T16:02:21","guid":{"rendered":"http:\/\/cueroamerica.info\/wpnews\/?p=27502"},"modified":"2026-04-23T13:02:21","modified_gmt":"2026-04-23T16:02:21","slug":"el-gobierno-de-paraguay-y-la-camara-del-cuero-rechazan-criticas-de-ongs-ambientales","status":"publish","type":"post","link":"http:\/\/cueroamerica.info\/wpnews\/2026\/04\/el-gobierno-de-paraguay-y-la-camara-del-cuero-rechazan-criticas-de-ongs-ambientales\/","title":{"rendered":"El gobierno de Paraguay y la C\u00e1mara del Cuero rechazan cr\u00edticas de ONGs ambientales"},"content":{"rendered":"<p><a href=\"http:\/\/cueroamerica.info\/wpnews\/wp-content\/uploads\/2026\/04\/1332536257.jpg\"><img loading=\"lazy\" decoding=\"async\" class=\" wp-image-27488 alignright\" src=\"http:\/\/cueroamerica.info\/wpnews\/wp-content\/uploads\/2026\/04\/1332536257-300x225.jpg\" alt=\"\" width=\"247\" height=\"185\" srcset=\"http:\/\/cueroamerica.info\/wpnews\/wp-content\/uploads\/2026\/04\/1332536257-300x225.jpg 300w, http:\/\/cueroamerica.info\/wpnews\/wp-content\/uploads\/2026\/04\/1332536257.jpg 520w\" sizes=\"auto, (max-width: 247px) 100vw, 247px\" \/><\/a>El Servicio Nacional de Sanidad y Calidad Animal de Paraguay emiti\u00f3 un comunicado en el que responde a recientes cuestionamientos formulados por organizaciones no gubernamentales sobre el origen y las condiciones de producci\u00f3n del cuero paraguayo. Esto esta particularmente en relaci\u00f3n con el impacto ambiental en la regi\u00f3n del Chaco paraguayo. Seg\u00fan la instituci\u00f3n, dichas afirmaciones carecen de sustento t\u00e9cnico y evidencia cient\u00edfica, y no reflejan la realidad del sector productivo del pa\u00eds.<\/p>\n<p>En su pronunciamiento, el organismo destaca que Paraguay ha construido su posicionamiento internacional sobre la base de sistemas de control que garantizan la calidad, inocuidad y trazabilidad de los productos de origen animal, incluyendo el cuero. Asimismo, se\u00f1ala que el pa\u00eds cumple con las normativas ambientales vigentes y que trabaja en coordinaci\u00f3n con otras instituciones para sostener est\u00e1ndares vinculados al desarrollo sostenible.<\/p>\n<div id=\"attachment_27490\" style=\"width: 171px\" class=\"wp-caption alignleft\"><a href=\"http:\/\/cueroamerica.info\/wpnews\/wp-content\/uploads\/2026\/04\/Emilio-Bedoya-presidente-de-la-Camara-Paraguaya-del-Cuero.-.jpg\"><img loading=\"lazy\" decoding=\"async\" aria-describedby=\"caption-attachment-27490\" class=\" wp-image-27490\" src=\"http:\/\/cueroamerica.info\/wpnews\/wp-content\/uploads\/2026\/04\/Emilio-Bedoya-presidente-de-la-Camara-Paraguaya-del-Cuero.--217x300.jpg\" alt=\"\" width=\"161\" height=\"223\" srcset=\"http:\/\/cueroamerica.info\/wpnews\/wp-content\/uploads\/2026\/04\/Emilio-Bedoya-presidente-de-la-Camara-Paraguaya-del-Cuero.--217x300.jpg 217w, http:\/\/cueroamerica.info\/wpnews\/wp-content\/uploads\/2026\/04\/Emilio-Bedoya-presidente-de-la-Camara-Paraguaya-del-Cuero.-.jpg 372w\" sizes=\"auto, (max-width: 161px) 100vw, 161px\" \/><\/a><p id=\"caption-attachment-27490\" class=\"wp-caption-text\">Emilio Bedoya, presidente de la C\u00e1mara Paraguaya del Cuero.<\/p><\/div>\n<p>En paralelo, la C\u00e1mara Paraguaya del Cuero expres\u00f3 preocupaci\u00f3n por el impacto que estas denuncias est\u00e1n generando en la actividad. Desde el sector productivo se advierte que las campa\u00f1as impulsadas en el exterior comienzan a tener efectos concretos en el desempe\u00f1o comercial, en un contexto internacional ya desafiante. Representantes del sector se\u00f1alaron que algunas acciones incluyeron visitas a clientes y la difusi\u00f3n de informaci\u00f3n en medios europeos, lo que habr\u00eda derivado en tensiones en las relaciones comerciales e incluso en la cancelaci\u00f3n de acuerdos.<\/p>\n<p>De acuerdo con voceros del sector, estas situaciones tambi\u00e9n comienzan a reflejarse en el empleo dentro de la cadena de valor, generando un escenario de incertidumbre para la continuidad de las operaciones. En este marco, se menciona que parte de los cuestionamientos se vinculan con exigencias ambientales crecientes en mercados como la Uni\u00f3n Europea.<\/p>\n<p><a href=\"http:\/\/cueroamerica.info\/wpnews\/wp-content\/uploads\/2026\/04\/cuero-paraguayo-.jpg\"><img loading=\"lazy\" decoding=\"async\" class=\" wp-image-27489 alignright\" src=\"http:\/\/cueroamerica.info\/wpnews\/wp-content\/uploads\/2026\/04\/cuero-paraguayo--300x200.jpg\" alt=\"\" width=\"242\" height=\"161\" srcset=\"http:\/\/cueroamerica.info\/wpnews\/wp-content\/uploads\/2026\/04\/cuero-paraguayo--300x200.jpg 300w, http:\/\/cueroamerica.info\/wpnews\/wp-content\/uploads\/2026\/04\/cuero-paraguayo-.jpg 400w\" sizes=\"auto, (max-width: 242px) 100vw, 242px\" \/><\/a>El origen del conflicto se vincula, entre otros factores, con planteos realizados por representantes del pueblo Ayoreo Totobiegosode en foros internacionales, donde se expusieron preocupaciones sobre el impacto de ciertas actividades productivas en su territorio. En ese contexto, el debate en torno al cuero paraguayo se inscribe en una discusi\u00f3n m\u00e1s amplia sobre comercio internacional, sostenibilidad y trazabilidad en las cadenas globales de valor.<br \/>\n&#8212;&#8212;&#8212;&#8212;&#8212;&#8212;&#8212;&#8212;&#8212;&#8212;&#8212;&#8212;&#8212;&#8212;&#8212;&#8212;&#8212;-<br \/>\nLa Conceria \/ LPO \/ CueroAm\u00e9rica<\/p>\n<p>&#8212;&#8212;&#8212;&#8212;&#8212;&#8212;&#8212;&#8212;<br \/>\nPara comunicarse con CueroAm\u00e9rica: <span style=\"color: #3366ff;\"><a style=\"color: #3366ff;\" href=\"mailto:contacto@cueroamerica.com\">contacto@cueroamerica.com<\/a><\/span><\/p>\n<table>\n<tbody>\n<tr>\n<td width=\"300\"><a href=\"https:\/\/www.aplf.com\/aplf-2027\/leather-fair-details\/?utm_medium=media&amp;utm_source=barter&amp;utm_campaign=aplf_media&amp;utm_content=aplf27_banner\" target=\"_blank\" rel=\"noopener\"><img loading=\"lazy\" decoding=\"async\" class=\"aligncenter\" src=\"http:\/\/cueroamerica.info\/img\/publicidad\/2026\/leather2027_300x300.png\" alt=\"\" width=\"300\" height=\"300\" \/><\/a><\/td>\n<td width=\"171\"><a href=\"https:\/\/www.aclechina.com\/?utm_medium=media&amp;utm_source=barter&amp;utm_campaign=aplf_media&amp;utm_content=ACLE_26_Banner_Cuero_Am\" target=\"_blank\" rel=\"noopener\"><img loading=\"lazy\" decoding=\"async\" class=\"aligncenter\" src=\"http:\/\/cueroamerica.info\/img\/publicidad\/2025\/acle26_300x300.png\" alt=\"\" width=\"300\" height=\"300\" \/><\/a><\/td>\n<\/tr>\n<\/tbody>\n<\/table>\n","protected":false},"excerpt":{"rendered":"<p>El Servicio Nacional de Sanidad y Calidad Animal de Paraguay emiti\u00f3 un comunicado en el que responde a recientes cuestionamientos formulados por organizaciones no gubernamentales sobre el origen y las condiciones de producci\u00f3n del cuero paraguayo. Esto esta particularmente en relaci\u00f3n con el impacto ambiental en la regi\u00f3n del Chaco paraguayo. Seg\u00fan la instituci\u00f3n, dichas [&hellip;]<\/p>\n","protected":false},"author":3,"featured_media":0,"comment_status":"closed","ping_status":"closed","sticky":false,"template":"","format":"standard","meta":{"footnotes":""},"categories":[61],"tags":[],"class_list":["post-27502","post","type-post","status-publish","format-standard","hentry","category-noticias-de-america-latina","count-0","even alt","author-adminca","last"],"_links":{"self":[{"href":"http:\/\/cueroamerica.info\/wpnews\/wp-json\/wp\/v2\/posts\/27502","targetHints":{"allow":["GET"]}}],"collection":[{"href":"http:\/\/cueroamerica.info\/wpnews\/wp-json\/wp\/v2\/posts"}],"about":[{"href":"http:\/\/cueroamerica.info\/wpnews\/wp-json\/wp\/v2\/types\/post"}],"author":[{"embeddable":true,"href":"http:\/\/cueroamerica.info\/wpnews\/wp-json\/wp\/v2\/users\/3"}],"replies":[{"embeddable":true,"href":"http:\/\/cueroamerica.info\/wpnews\/wp-json\/wp\/v2\/comments?post=27502"}],"version-history":[{"count":3,"href":"http:\/\/cueroamerica.info\/wpnews\/wp-json\/wp\/v2\/posts\/27502\/revisions"}],"predecessor-version":[{"id":27505,"href":"http:\/\/cueroamerica.info\/wpnews\/wp-json\/wp\/v2\/posts\/27502\/revisions\/27505"}],"wp:attachment":[{"href":"http:\/\/cueroamerica.info\/wpnews\/wp-json\/wp\/v2\/media?parent=27502"}],"wp:term":[{"taxonomy":"category","embeddable":true,"href":"http:\/\/cueroamerica.info\/wpnews\/wp-json\/wp\/v2\/categories?post=27502"},{"taxonomy":"post_tag","embeddable":true,"href":"http:\/\/cueroamerica.info\/wpnews\/wp-json\/wp\/v2\/tags?post=27502"}],"curies":[{"name":"wp","href":"https:\/\/api.w.org\/{rel}","templated":true}]}}