{"id":27529,"date":"2026-04-28T10:33:49","date_gmt":"2026-04-28T13:33:49","guid":{"rendered":"http:\/\/cueroamerica.info\/wpnews\/?p=27529"},"modified":"2026-04-28T10:33:49","modified_gmt":"2026-04-28T13:33:49","slug":"por-la-presion-de-activistas-contra-el-maltrato-animal-la-mfw-pierde-auspiciantes","status":"publish","type":"post","link":"http:\/\/cueroamerica.info\/wpnews\/2026\/04\/por-la-presion-de-activistas-contra-el-maltrato-animal-la-mfw-pierde-auspiciantes\/","title":{"rendered":"Por la presi\u00f3n de activistas contra el maltrato animal la MFW pierde auspiciantes"},"content":{"rendered":"<p><a href=\"http:\/\/cueroamerica.info\/wpnews\/wp-content\/uploads\/2026\/04\/milan-fashion-week-mfw-fall-winter-.jpg\"><img loading=\"lazy\" decoding=\"async\" class=\" wp-image-27526 alignright\" src=\"http:\/\/cueroamerica.info\/wpnews\/wp-content\/uploads\/2026\/04\/milan-fashion-week-mfw-fall-winter--200x300.jpg\" alt=\"\" width=\"150\" height=\"225\" srcset=\"http:\/\/cueroamerica.info\/wpnews\/wp-content\/uploads\/2026\/04\/milan-fashion-week-mfw-fall-winter--200x300.jpg 200w, http:\/\/cueroamerica.info\/wpnews\/wp-content\/uploads\/2026\/04\/milan-fashion-week-mfw-fall-winter--683x1024.jpg 683w, http:\/\/cueroamerica.info\/wpnews\/wp-content\/uploads\/2026\/04\/milan-fashion-week-mfw-fall-winter--768x1152.jpg 768w, http:\/\/cueroamerica.info\/wpnews\/wp-content\/uploads\/2026\/04\/milan-fashion-week-mfw-fall-winter-.jpg 800w\" sizes=\"auto, (max-width: 150px) 100vw, 150px\" \/><\/a>La Semana de la Moda de Mil\u00e1n ya no contar\u00e1 con el respaldo de una reconocida tarjeta de cr\u00e9dito. La compa\u00f1\u00eda multinacional tom\u00f3 esa decisi\u00f3n luego de una serie de protestas que se realizaron en las sedes de sus oficinas en Europa. Otras grandes empresas ya hab\u00edan retirado su apoyo a los eventos de moda que utilizan pieles de animales silvestres.<\/p>\n<p>Visa, junto con DHL y Wella, es el tercer patrocinador que abandona la Semana de la Moda de Mil\u00e1n. Este evento estaba en la mira de la organizaci\u00f3n ecologista CAFT que hab\u00eda denunciado que los dise\u00f1adores que participan utilizan en sus colecciones incluyen pieles de animales silvestres.<\/p>\n<p>La entidad llev\u00f3 adelante una serie de protestas en la oficina de tarjeta y en los domicilios de algunos de sus directivos donde hizo o\u00edr su reclamo. Los activistas incluso interrumpieron una conferencia de Carlo Capasa, presidente de la Camera Nazionale della Moda Italiana (CNMI) con el objetivo de visibilizar su protesta.<\/p>\n<div id=\"attachment_27528\" style=\"width: 258px\" class=\"wp-caption alignleft\"><a href=\"http:\/\/cueroamerica.info\/wpnews\/wp-content\/uploads\/2026\/04\/Durante-la-realizacion-de-la-MFW-varias-organizaciones-ambientalistas-se-manifestaron-contra-el-uso-de-pieles1.jpg\"><img loading=\"lazy\" decoding=\"async\" aria-describedby=\"caption-attachment-27528\" class=\" wp-image-27528\" src=\"http:\/\/cueroamerica.info\/wpnews\/wp-content\/uploads\/2026\/04\/Durante-la-realizacion-de-la-MFW-varias-organizaciones-ambientalistas-se-manifestaron-contra-el-uso-de-pieles1-300x200.jpg\" alt=\"\" width=\"248\" height=\"165\" srcset=\"http:\/\/cueroamerica.info\/wpnews\/wp-content\/uploads\/2026\/04\/Durante-la-realizacion-de-la-MFW-varias-organizaciones-ambientalistas-se-manifestaron-contra-el-uso-de-pieles1-300x200.jpg 300w, http:\/\/cueroamerica.info\/wpnews\/wp-content\/uploads\/2026\/04\/Durante-la-realizacion-de-la-MFW-varias-organizaciones-ambientalistas-se-manifestaron-contra-el-uso-de-pieles1.jpg 500w\" sizes=\"auto, (max-width: 248px) 100vw, 248px\" \/><\/a><p id=\"caption-attachment-27528\" class=\"wp-caption-text\">Durante la realizaci\u00f3n de la MFW varias organizaciones ambientalistas se manifestaron contra el uso de pieles.<\/p><\/div>\n<p>CAFT anunci\u00f3 que seguir\u00e1 con sus reclamos ante los socios restantes de MFW hasta que el evento \u201cadopte una pol\u00edtica libre de pieles\u201d.<\/p>\n<p>Si bien muchas marcas que participan de MFW adoptaron pol\u00edticas \u2018libres de pieles\u2019 a\u00fan quedan empresas como Fendi que las siguen utilizando. Otros dise\u00f1adores como Maria Grazia Chiuri se han inclinado por materiales menos controvertidos como la lana de oveja.<\/p>\n<p>La mayor\u00eda de las Semanas de la Moda han dejado de mostrar modelos luciendo pieles de animales silvestres debido a prohibiciones que impone la organizaci\u00f3n. Es esperable que MFW adopte la misma postura.<br \/>\n&#8212;&#8212;&#8212;&#8212;&#8212;&#8212;&#8212;&#8212;&#8212;&#8212;&#8212;&#8212;&#8212;&#8212;&#8212;&#8212;<br \/>\nFashion Network \/ CueroAm\u00e9rica<\/p>\n<p>&#8212;&#8212;&#8212;&#8212;&#8212;&#8212;&#8212;&#8212;<br \/>\nPara comunicarse con CueroAm\u00e9rica: <span style=\"color: #3366ff;\"><a style=\"color: #3366ff;\" href=\"mailto:contacto@cueroamerica.com\">contacto@cueroamerica.com<\/a><\/span><\/p>\n<table>\n<tbody>\n<tr>\n<td width=\"300\"><a href=\"https:\/\/www.aclechina.com\/?utm_medium=media&amp;utm_source=barter&amp;utm_campaign=aplf_media&amp;utm_content=ACLE_26_Banner_Cuero_Am\" target=\"_blank\" rel=\"noopener\"><img loading=\"lazy\" decoding=\"async\" class=\"aligncenter\" src=\"http:\/\/cueroamerica.info\/img\/publicidad\/2025\/acle26_300x300.png\" alt=\"\" width=\"300\" height=\"300\" \/><\/a><\/td>\n<td width=\"171\"><a href=\"https:\/\/bfshow.com.br\/es\/\" target=\"_blank\" rel=\"noopener\"><img loading=\"lazy\" decoding=\"async\" class=\"aligncenter\" src=\"\/img\/publicidad\/2026\/bfshow2026_300x300.gif\" alt=\"\" width=\"300\" height=\"300\" \/><\/a><\/td>\n<\/tr>\n<\/tbody>\n<\/table>\n","protected":false},"excerpt":{"rendered":"<p>La Semana de la Moda de Mil\u00e1n ya no contar\u00e1 con el respaldo de una reconocida tarjeta de cr\u00e9dito. La compa\u00f1\u00eda multinacional tom\u00f3 esa decisi\u00f3n luego de una serie de protestas que se realizaron en las sedes de sus oficinas en Europa. Otras grandes empresas ya hab\u00edan retirado su apoyo a los eventos de moda [&hellip;]<\/p>\n","protected":false},"author":3,"featured_media":0,"comment_status":"closed","ping_status":"closed","sticky":false,"template":"","format":"standard","meta":{"footnotes":""},"categories":[59,63],"tags":[],"class_list":["post-27529","post","type-post","status-publish","format-standard","hentry","category-medio-ambiente","category-noticias-de-europa","count-0","even alt","author-adminca","last"],"_links":{"self":[{"href":"http:\/\/cueroamerica.info\/wpnews\/wp-json\/wp\/v2\/posts\/27529","targetHints":{"allow":["GET"]}}],"collection":[{"href":"http:\/\/cueroamerica.info\/wpnews\/wp-json\/wp\/v2\/posts"}],"about":[{"href":"http:\/\/cueroamerica.info\/wpnews\/wp-json\/wp\/v2\/types\/post"}],"author":[{"embeddable":true,"href":"http:\/\/cueroamerica.info\/wpnews\/wp-json\/wp\/v2\/users\/3"}],"replies":[{"embeddable":true,"href":"http:\/\/cueroamerica.info\/wpnews\/wp-json\/wp\/v2\/comments?post=27529"}],"version-history":[{"count":5,"href":"http:\/\/cueroamerica.info\/wpnews\/wp-json\/wp\/v2\/posts\/27529\/revisions"}],"predecessor-version":[{"id":27534,"href":"http:\/\/cueroamerica.info\/wpnews\/wp-json\/wp\/v2\/posts\/27529\/revisions\/27534"}],"wp:attachment":[{"href":"http:\/\/cueroamerica.info\/wpnews\/wp-json\/wp\/v2\/media?parent=27529"}],"wp:term":[{"taxonomy":"category","embeddable":true,"href":"http:\/\/cueroamerica.info\/wpnews\/wp-json\/wp\/v2\/categories?post=27529"},{"taxonomy":"post_tag","embeddable":true,"href":"http:\/\/cueroamerica.info\/wpnews\/wp-json\/wp\/v2\/tags?post=27529"}],"curies":[{"name":"wp","href":"https:\/\/api.w.org\/{rel}","templated":true}]}}