{"id":27535,"date":"2026-04-28T10:41:41","date_gmt":"2026-04-28T13:41:41","guid":{"rendered":"http:\/\/cueroamerica.info\/wpnews\/?p=27535"},"modified":"2026-04-28T10:41:41","modified_gmt":"2026-04-28T13:41:41","slug":"en-alemania-los-minoristas-denuncian-los-estragos-que-estan-causando-shein-y-temu","status":"publish","type":"post","link":"http:\/\/cueroamerica.info\/wpnews\/2026\/04\/en-alemania-los-minoristas-denuncian-los-estragos-que-estan-causando-shein-y-temu\/","title":{"rendered":"En Alemania los minoristas denuncian los estragos que estan causando Shein y Temu"},"content":{"rendered":"<p><a href=\"http:\/\/cueroamerica.info\/wpnews\/wp-content\/uploads\/2026\/04\/3-1-1.jpg\"><img loading=\"lazy\" decoding=\"async\" class=\" wp-image-27536 alignright\" src=\"http:\/\/cueroamerica.info\/wpnews\/wp-content\/uploads\/2026\/04\/3-1-1-300x225.jpg\" alt=\"\" width=\"247\" height=\"185\" srcset=\"http:\/\/cueroamerica.info\/wpnews\/wp-content\/uploads\/2026\/04\/3-1-1-300x225.jpg 300w, http:\/\/cueroamerica.info\/wpnews\/wp-content\/uploads\/2026\/04\/3-1-1-768x576.jpg 768w, http:\/\/cueroamerica.info\/wpnews\/wp-content\/uploads\/2026\/04\/3-1-1.jpg 933w\" sizes=\"auto, (max-width: 247px) 100vw, 247px\" \/><\/a>Un estudio realizado en Alemania revela importantes consecuencias econ\u00f3micas para ese pa\u00eds, derivadas de la creciente influencia de las plataformas online asi\u00e1ticas Temu y Shein. Dice que esas compras -en su mayor parte de indumentaria- producen p\u00e9rdidas anuales de valor a\u00f1adido para la econom\u00eda alemana por un valor aproximado de \u20ac 2.400 millones, de los cuales 1.300 millones corresponden \u00fanicamente al sector minorista.<\/p>\n<p>El estudio lo realiz\u00f3 recientemente del Instituto Econ\u00f3mico Alem\u00e1n (IW), por encargo de la Federaci\u00f3n Alemana de Comercio Minorista (HDE) y pone de relieve la magnitud del comercio electr\u00f3nico transfronterizo: Temu y Shein entregan alrededor de 460.000 paquetes diarios en Alemania, mientras que en toda Europa la cifra asciende a aproximadamente doce millones de env\u00edos por d\u00eda (datos de 2025). Seg\u00fan los autores, adem\u00e1s estas entregas suelen realizarse en condiciones que no cumplen con la normativa de la UE.<\/p>\n<p><a href=\"http:\/\/cueroamerica.info\/wpnews\/wp-content\/uploads\/2026\/04\/7-.jpg\"><img loading=\"lazy\" decoding=\"async\" class=\" wp-image-27537 alignleft\" src=\"http:\/\/cueroamerica.info\/wpnews\/wp-content\/uploads\/2026\/04\/7--300x199.jpg\" alt=\"\" width=\"244\" height=\"162\" srcset=\"http:\/\/cueroamerica.info\/wpnews\/wp-content\/uploads\/2026\/04\/7--300x199.jpg 300w, http:\/\/cueroamerica.info\/wpnews\/wp-content\/uploads\/2026\/04\/7--768x508.jpg 768w, http:\/\/cueroamerica.info\/wpnews\/wp-content\/uploads\/2026\/04\/7-.jpg 949w\" sizes=\"auto, (max-width: 244px) 100vw, 244px\" \/><\/a>La principal cr\u00edtica radica en que ambas plataformas supuestamente infringen las normas de la UE a gran escala, especialmente en materia de seguridad de los productos, etiquetado y obligaciones fiscales. Esto crea un entorno competitivo estructuralmente desigual que ejerce una presi\u00f3n particular sobre los comercios f\u00edsicos y los minoristas online europeos.<\/p>\n<p>El presidente de HDE, Alexander von Preen, asegur\u00f3 que \u201cTemu y Shein suelen ignorar las leyes y normativas vigentes, suministran productos inseguros a nuestro mercado, algunos de los cuales son perjudiciales para la salud, y est\u00e1n llevando a muchos minoristas nacionales al borde de la quiebra\u201d.<\/p>\n<p>Adem\u00e1s de los efectos en la creaci\u00f3n de valor, el estudio tambi\u00e9n cuantifica las repercusiones fiscales y en el mercado laboral: los gobiernos federal, estatales y locales sufren una disminuci\u00f3n de los ingresos fiscales de \u20ac 429 millones anuales. Asimismo, se perder\u00edan m\u00e1s de 40.000 puestos de trabajo en Alemania, 28.300 de ellos en el sector minorista.<\/p>\n<p><a href=\"http:\/\/cueroamerica.info\/wpnews\/wp-content\/uploads\/2026\/04\/Deichmann-Ettlinger-.jpg\"><img loading=\"lazy\" decoding=\"async\" class=\" wp-image-27538 alignright\" src=\"http:\/\/cueroamerica.info\/wpnews\/wp-content\/uploads\/2026\/04\/Deichmann-Ettlinger--300x200.jpg\" alt=\"\" width=\"246\" height=\"164\" srcset=\"http:\/\/cueroamerica.info\/wpnews\/wp-content\/uploads\/2026\/04\/Deichmann-Ettlinger--300x200.jpg 300w, http:\/\/cueroamerica.info\/wpnews\/wp-content\/uploads\/2026\/04\/Deichmann-Ettlinger--768x512.jpg 768w, http:\/\/cueroamerica.info\/wpnews\/wp-content\/uploads\/2026\/04\/Deichmann-Ettlinger-.jpg 1024w\" sizes=\"auto, (max-width: 246px) 100vw, 246px\" \/><\/a>La Federaci\u00f3n Alemana de Minoristas (HDE) considera urgente la necesidad de medidas pol\u00edticas y exige controles m\u00e1s estrictos y nuevos enfoques regulatorios. En particular, las autoridades aduaneras deber\u00edan realizar inspecciones masivas y selectivas de las importaciones de paquetes, siguiendo el modelo franc\u00e9s.<\/p>\n<p>Por otra parte, la federaci\u00f3n exige que los proveedores de terceros pa\u00edses est\u00e9n obligados a designar un representante legalmente accesible en la UE para permitir sanciones m\u00e1s efectivas en caso de infracciones. Von Preen advierte sobre las consecuencias a largo plazo: \u201cSi los pol\u00edticos no toman finalmente medidas contundentes y significativas tras a\u00f1os de inacci\u00f3n, preveo un futuro sombr\u00edo para Alemania como destino de negocios\u201d.<br \/>\n&#8212;&#8212;&#8212;&#8212;&#8212;&#8212;&#8212;&#8212;&#8212;&#8212;&#8212;&#8212;&#8211;<br \/>\nshoez.biz \/ CueroAm\u00e9rica<\/p>\n<p>&#8212;&#8212;&#8212;&#8212;&#8212;&#8212;&#8212;&#8212;<br \/>\nPara comunicarse con CueroAm\u00e9rica: <span style=\"color: #3366ff;\"><a style=\"color: #3366ff;\" href=\"mailto:contacto@cueroamerica.com\">contacto@cueroamerica.com<\/a><\/span><\/p>\n<table>\n<tbody>\n<tr>\n<td width=\"300\"><a href=\"https:\/\/www.aplf.com\/?utm_medium=media&amp;utm_source=barter&amp;utm_campaign=aplf_media&amp;utm_content=aplfasean26_banner\" target=\"_blank\" rel=\"noopener\"><img loading=\"lazy\" decoding=\"async\" class=\"aligncenter\" src=\"http:\/\/cueroamerica.info\/img\/publicidad\/2026\/aseanaplf2027_300x300.png\" alt=\"\" width=\"300\" height=\"300\" border=\"0\" \/><\/a><\/td>\n<td width=\"171\"><a href=\"https:\/\/www.aclechina.com\/?utm_medium=media&amp;utm_source=barter&amp;utm_campaign=aplf_media&amp;utm_content=ACLE_26_Banner_Cuero_Am\" target=\"_blank\" rel=\"noopener\"><img loading=\"lazy\" decoding=\"async\" class=\"aligncenter\" src=\"http:\/\/cueroamerica.info\/img\/publicidad\/2025\/acle26_300x300.png\" alt=\"\" width=\"300\" height=\"300\" \/><\/a><\/td>\n<\/tr>\n<\/tbody>\n<\/table>\n","protected":false},"excerpt":{"rendered":"<p>Un estudio realizado en Alemania revela importantes consecuencias econ\u00f3micas para ese pa\u00eds, derivadas de la creciente influencia de las plataformas online asi\u00e1ticas Temu y Shein. Dice que esas compras -en su mayor parte de indumentaria- producen p\u00e9rdidas anuales de valor a\u00f1adido para la econom\u00eda alemana por un valor aproximado de \u20ac 2.400 millones, de los [&hellip;]<\/p>\n","protected":false},"author":3,"featured_media":0,"comment_status":"closed","ping_status":"closed","sticky":false,"template":"","format":"standard","meta":{"footnotes":""},"categories":[70,63],"tags":[],"class_list":["post-27535","post","type-post","status-publish","format-standard","hentry","category-mercados","category-noticias-de-europa","count-0","even alt","author-adminca","last"],"_links":{"self":[{"href":"http:\/\/cueroamerica.info\/wpnews\/wp-json\/wp\/v2\/posts\/27535","targetHints":{"allow":["GET"]}}],"collection":[{"href":"http:\/\/cueroamerica.info\/wpnews\/wp-json\/wp\/v2\/posts"}],"about":[{"href":"http:\/\/cueroamerica.info\/wpnews\/wp-json\/wp\/v2\/types\/post"}],"author":[{"embeddable":true,"href":"http:\/\/cueroamerica.info\/wpnews\/wp-json\/wp\/v2\/users\/3"}],"replies":[{"embeddable":true,"href":"http:\/\/cueroamerica.info\/wpnews\/wp-json\/wp\/v2\/comments?post=27535"}],"version-history":[{"count":3,"href":"http:\/\/cueroamerica.info\/wpnews\/wp-json\/wp\/v2\/posts\/27535\/revisions"}],"predecessor-version":[{"id":27541,"href":"http:\/\/cueroamerica.info\/wpnews\/wp-json\/wp\/v2\/posts\/27535\/revisions\/27541"}],"wp:attachment":[{"href":"http:\/\/cueroamerica.info\/wpnews\/wp-json\/wp\/v2\/media?parent=27535"}],"wp:term":[{"taxonomy":"category","embeddable":true,"href":"http:\/\/cueroamerica.info\/wpnews\/wp-json\/wp\/v2\/categories?post=27535"},{"taxonomy":"post_tag","embeddable":true,"href":"http:\/\/cueroamerica.info\/wpnews\/wp-json\/wp\/v2\/tags?post=27535"}],"curies":[{"name":"wp","href":"https:\/\/api.w.org\/{rel}","templated":true}]}}