{"id":27544,"date":"2026-04-28T13:23:17","date_gmt":"2026-04-28T16:23:17","guid":{"rendered":"http:\/\/cueroamerica.info\/wpnews\/?p=27544"},"modified":"2026-04-28T13:23:58","modified_gmt":"2026-04-28T16:23:58","slug":"la-u-europea-podria-sacar-del-reglamento-eudr-sobre-deforestacion-al-cuero-vacuno","status":"publish","type":"post","link":"http:\/\/cueroamerica.info\/wpnews\/2026\/04\/la-u-europea-podria-sacar-del-reglamento-eudr-sobre-deforestacion-al-cuero-vacuno\/","title":{"rendered":"La U. Europea podr\u00eda sacar del reglamento EUDR sobre deforestaci\u00f3n al cuero vacuno"},"content":{"rendered":"<div id=\"attachment_27542\" style=\"width: 253px\" class=\"wp-caption alignleft\"><a href=\"http:\/\/cueroamerica.info\/wpnews\/wp-content\/uploads\/2026\/04\/European-Commission-Proposes-Further-Delay-to-EU-Deforestation-Regulation-EUDR-_5-.jpg\"><img loading=\"lazy\" decoding=\"async\" aria-describedby=\"caption-attachment-27542\" class=\" wp-image-27542\" src=\"http:\/\/cueroamerica.info\/wpnews\/wp-content\/uploads\/2026\/04\/European-Commission-Proposes-Further-Delay-to-EU-Deforestation-Regulation-EUDR-_5--300x169.jpg\" alt=\"\" width=\"243\" height=\"137\" srcset=\"http:\/\/cueroamerica.info\/wpnews\/wp-content\/uploads\/2026\/04\/European-Commission-Proposes-Further-Delay-to-EU-Deforestation-Regulation-EUDR-_5--300x169.jpg 300w, http:\/\/cueroamerica.info\/wpnews\/wp-content\/uploads\/2026\/04\/European-Commission-Proposes-Further-Delay-to-EU-Deforestation-Regulation-EUDR-_5--768x432.jpg 768w, http:\/\/cueroamerica.info\/wpnews\/wp-content\/uploads\/2026\/04\/European-Commission-Proposes-Further-Delay-to-EU-Deforestation-Regulation-EUDR-_5-.jpg 1000w\" sizes=\"auto, (max-width: 243px) 100vw, 243px\" \/><\/a><p id=\"caption-attachment-27542\" class=\"wp-caption-text\">European Commission Proposes Further Delay to EU Deforestation Regulation (EUDR).<\/p><\/div>\n<p>Seg\u00fan Euractiv, una agencia de noticias con sede en Bruselas que sigue de cerca la din\u00e1mica de las instituciones de la Uni\u00f3n Europea, el cuero bovino se encamina hacia su exclusi\u00f3n del Reglamento de la U.E. sobre la deforestaci\u00f3n. El proceso de simplificaci\u00f3n del Reglamento est\u00e1 en marcha y se espera la publicaci\u00f3n del acto legislativo de la Comisi\u00f3n Europea en los pr\u00f3ximos d\u00edas.<\/p>\n<p>Entre los temas que se debaten se encuentra la posibilidad de mantener el cuero bovino en el Anexo I en todas las etapas de su procesamiento, ya que este material, como ha verificado la Escuela Superior Sant&#8217;Anna de Pisa, no es un factor determinante de la deforestaci\u00f3n, por ser un residuo de la industria alimentaria.<\/p>\n<div id=\"attachment_27543\" style=\"width: 257px\" class=\"wp-caption alignright\"><a href=\"http:\/\/cueroamerica.info\/wpnews\/wp-content\/uploads\/2026\/04\/Sesion-del-Parlamente-Europeo-_-.jpg\"><img loading=\"lazy\" decoding=\"async\" aria-describedby=\"caption-attachment-27543\" class=\" wp-image-27543\" src=\"http:\/\/cueroamerica.info\/wpnews\/wp-content\/uploads\/2026\/04\/Sesion-del-Parlamente-Europeo-_--300x191.jpg\" alt=\"\" width=\"247\" height=\"157\" srcset=\"http:\/\/cueroamerica.info\/wpnews\/wp-content\/uploads\/2026\/04\/Sesion-del-Parlamente-Europeo-_--300x191.jpg 300w, http:\/\/cueroamerica.info\/wpnews\/wp-content\/uploads\/2026\/04\/Sesion-del-Parlamente-Europeo-_--768x489.jpg 768w, http:\/\/cueroamerica.info\/wpnews\/wp-content\/uploads\/2026\/04\/Sesion-del-Parlamente-Europeo-_-.jpg 1000w\" sizes=\"auto, (max-width: 247px) 100vw, 247px\" \/><\/a><p id=\"caption-attachment-27543\" class=\"wp-caption-text\">Sesi\u00f3n del Parlamente Europeo.<\/p><\/div>\n<p>Seg\u00fan Euractiv, la posici\u00f3n actual de la Comisi\u00f3n es proceder con la exclusi\u00f3n del cuero bovino. Si este rumor se confirmara, el documento primero se someter\u00eda a consultas y luego se presentar\u00eda al Consejo y al Parlamento Europeos para su dictamen.<\/p>\n<p>El proceso a\u00fan es largo, y las instituciones de la U.E. ya han demostrado su imprevisibilidad. El 23 de septiembre, la Comisi\u00f3n anunci\u00f3 su intenci\u00f3n de posponer la entrada en vigor del Reglamento de la U.E. sobre el cuero hasta 2027, para luego retractarse el 22 de octubre (confirmando provisionalmente su entrada en vigor en 2026) y finalmente resolver la disputa el 26 de noviembre con el aplazamiento efectivo hasta 2027.<br \/>\n&#8212;&#8212;&#8212;&#8212;&#8212;&#8212;&#8212;&#8212;&#8212;&#8212;&#8212;&#8212;&#8212;&#8212;-<br \/>\nLa Conceria \/ CueroAm\u00e9rica<\/p>\n<p>&#8212;&#8212;&#8212;&#8212;&#8212;&#8212;&#8212;&#8212;<br \/>\nPara comunicarse con CueroAm\u00e9rica: <span style=\"color: #3366ff;\"><a style=\"color: #3366ff;\" href=\"mailto:contacto@cueroamerica.com\">contacto@cueroamerica.com<\/a><\/span><\/p>\n<table>\n<tbody>\n<tr>\n<td width=\"300\"><a href=\"http:\/\/cueroamerica.info\/sponsors\/dfsudamericana\/dfs1000.html\"><img loading=\"lazy\" decoding=\"async\" class=\"aligncenter\" src=\"http:\/\/cueroamerica.info\/img\/publicidad\/2024\/df_animado2.gif\" alt=\"\" width=\"300\" height=\"300\" border=\"0\" \/><\/a><\/td>\n<td width=\"171\"><a href=\"http:\/\/www.units.com.ar\/\" target=\"_blank\" rel=\"noopener\"><img loading=\"lazy\" decoding=\"async\" class=\"aligncenter\" src=\"http:\/\/cueroamerica.info\/img\/publicidad\/2024\/unitssudamericana300x300.jpg\" alt=\"\" width=\"300\" height=\"300\" border=\"0\" \/><\/a><\/td>\n<\/tr>\n<\/tbody>\n<\/table>\n","protected":false},"excerpt":{"rendered":"<p>Seg\u00fan Euractiv, una agencia de noticias con sede en Bruselas que sigue de cerca la din\u00e1mica de las instituciones de la Uni\u00f3n Europea, el cuero bovino se encamina hacia su exclusi\u00f3n del Reglamento de la U.E. sobre la deforestaci\u00f3n. El proceso de simplificaci\u00f3n del Reglamento est\u00e1 en marcha y se espera la publicaci\u00f3n del acto [&hellip;]<\/p>\n","protected":false},"author":3,"featured_media":0,"comment_status":"closed","ping_status":"closed","sticky":false,"template":"","format":"standard","meta":{"footnotes":""},"categories":[59,63],"tags":[],"class_list":["post-27544","post","type-post","status-publish","format-standard","hentry","category-medio-ambiente","category-noticias-de-europa","count-0","even alt","author-adminca","last"],"_links":{"self":[{"href":"http:\/\/cueroamerica.info\/wpnews\/wp-json\/wp\/v2\/posts\/27544","targetHints":{"allow":["GET"]}}],"collection":[{"href":"http:\/\/cueroamerica.info\/wpnews\/wp-json\/wp\/v2\/posts"}],"about":[{"href":"http:\/\/cueroamerica.info\/wpnews\/wp-json\/wp\/v2\/types\/post"}],"author":[{"embeddable":true,"href":"http:\/\/cueroamerica.info\/wpnews\/wp-json\/wp\/v2\/users\/3"}],"replies":[{"embeddable":true,"href":"http:\/\/cueroamerica.info\/wpnews\/wp-json\/wp\/v2\/comments?post=27544"}],"version-history":[{"count":2,"href":"http:\/\/cueroamerica.info\/wpnews\/wp-json\/wp\/v2\/posts\/27544\/revisions"}],"predecessor-version":[{"id":27546,"href":"http:\/\/cueroamerica.info\/wpnews\/wp-json\/wp\/v2\/posts\/27544\/revisions\/27546"}],"wp:attachment":[{"href":"http:\/\/cueroamerica.info\/wpnews\/wp-json\/wp\/v2\/media?parent=27544"}],"wp:term":[{"taxonomy":"category","embeddable":true,"href":"http:\/\/cueroamerica.info\/wpnews\/wp-json\/wp\/v2\/categories?post=27544"},{"taxonomy":"post_tag","embeddable":true,"href":"http:\/\/cueroamerica.info\/wpnews\/wp-json\/wp\/v2\/tags?post=27544"}],"curies":[{"name":"wp","href":"https:\/\/api.w.org\/{rel}","templated":true}]}}