{"id":7179,"date":"2015-01-28T19:43:06","date_gmt":"2015-01-28T19:43:06","guid":{"rendered":"http:\/\/c0290214.ferozo.com\/wpnews\/?p=7179"},"modified":"2015-01-28T21:36:46","modified_gmt":"2015-01-28T21:36:46","slug":"la-moda-masculina-en-paris-presenta-disenos-inspirados-en-los-temas-de-la-seguridad","status":"publish","type":"post","link":"http:\/\/cueroamerica.info\/wpnews\/2015\/01\/la-moda-masculina-en-paris-presenta-disenos-inspirados-en-los-temas-de-la-seguridad\/","title":{"rendered":"La moda masculina en Pari\u0301s presenta dise\u00f1os inspirados en los temas de la seguridad"},"content":{"rendered":"<p dir=\"ltr\"><a href=\"http:\/\/c0290214.ferozo.com\/wpnews\/wp-content\/uploads\/2015\/01\/ad.jpg\"><img loading=\"lazy\" decoding=\"async\" class=\"alignright size-full wp-image-7183\" title=\"ad\" src=\"http:\/\/c0290214.ferozo.com\/wpnews\/wp-content\/uploads\/2015\/01\/ad.jpg\" alt=\"\" width=\"150\" height=\"225\" \/><\/a>En recientes desfiles de moda masculina en Par\u00eds se mostraron tonos, formas y dise\u00f1os para \u201cun hombre a la b\u00fasqueda de referentes seguros que lo hagan sentirse protegido en un mundo hostil, sin renunciar a asumir su lado femenino\u201d. Las referencias a la situaci\u00f3n actual fueron mencionadas por los dise\u00f1adores al presentar las nuevas colecciones en la capital francesa.<\/p>\n<p dir=\"ltr\"><a href=\"http:\/\/c0290214.ferozo.com\/wpnews\/wp-content\/uploads\/2015\/01\/bad.jpg\"><img loading=\"lazy\" decoding=\"async\" class=\"alignleft size-full wp-image-7186\" title=\"bad\" src=\"http:\/\/c0290214.ferozo.com\/wpnews\/wp-content\/uploads\/2015\/01\/bad.jpg\" alt=\"\" width=\"150\" height=\"226\" srcset=\"http:\/\/cueroamerica.info\/wpnews\/wp-content\/uploads\/2015\/01\/bad.jpg 150w, http:\/\/cueroamerica.info\/wpnews\/wp-content\/uploads\/2015\/01\/bad-99x150.jpg 99w\" sizes=\"auto, (max-width: 150px) 100vw, 150px\" \/><\/a>\u00abCreo que vivimos en una \u00e9poca dura, y eso le hace a uno reflexionar sobre c\u00f3mo vive y lo que hace\u00bb, coment\u00f3 el dise\u00f1ador holand\u00e9s Lucas Ossendrijver, que present\u00f3 una colecci\u00f3n oto\u00f1o-invierno para Lanvin, en la que domin\u00f3 sobriedad y elegancia austera, coment\u00f3 la publicaci\u00f3n especializada Fashion United.<\/p>\n<p dir=\"ltr\">Dries Van Noten ya hab\u00eda insistido d\u00edas antes en la idea de protecci\u00f3n, con modelos que evocaron los uniformes de bombero o de agentes del tr\u00e1nsito. En esa b\u00fasqueda, abrigos, sobretodos, ponchos y capas de lana o piel, a veces con solapas sobredimensionadas arroparon c\u00e1lidamente a este hombre que se siente fr\u00e1gil.<\/p>\n<p dir=\"ltr\">La hostilidad del mundo apareci\u00f3 en Yohji Yamamoto, que pint\u00f3 cicatrices en el rostro de los modelos y mostr\u00f3 otros con ropa rasgada. Algunos dise\u00f1adores asi\u00e1ticos incurrieron directamente en lo militar, como el coreano Juun.J. Yosuke Aizawa present\u00f3 a sus modelos alrededor de una carpa y Kenzo tambi\u00e9n insisti\u00f3 en el lado \u00absobreviviente\u00bb con altos borcegu\u00edes. La idea de protecci\u00f3n tambi\u00e9n lleg\u00f3 a las pasarelas a trav\u00e9s de la acumulaci\u00f3n de capas, de una prenda que cae sobre la siguiente un poco m\u00e1s larga. Usaron este recurso entre otros Dries Van Noten, Dior, Lanvin y Yohji Yamamoto y Thom Browne.<\/p>\n<p dir=\"ltr\"><a href=\"http:\/\/c0290214.ferozo.com\/wpnews\/wp-content\/uploads\/2015\/01\/dub.jpg\"><img loading=\"lazy\" decoding=\"async\" class=\"alignright size-full wp-image-7185\" title=\"dub\" src=\"http:\/\/c0290214.ferozo.com\/wpnews\/wp-content\/uploads\/2015\/01\/dub.jpg\" alt=\"\" width=\"150\" height=\"226\" srcset=\"http:\/\/cueroamerica.info\/wpnews\/wp-content\/uploads\/2015\/01\/dub.jpg 150w, http:\/\/cueroamerica.info\/wpnews\/wp-content\/uploads\/2015\/01\/dub-99x150.jpg 99w\" sizes=\"auto, (max-width: 150px) 100vw, 150px\" \/><\/a>El confort tambi\u00e9n vino de la mano de la amplitud, visible sobre todo en los pantalones, llevados bastante por encima de la cintura. \u00abLo m\u00e1s importante son las formas m\u00e1s amplias\u00bb, dijo Paul Smith a la AFP, a la hora de resumir su colecci\u00f3n presentada este domingo e inspirada en su relaci\u00f3n \u00abcon la m\u00fasica y la era hippie\u00bb. \u00abNos hab\u00edamos acostumbrado a las formas demasiado pegadas al cuerpo y por eso a mi equipo le encant\u00f3 la idea de formas m\u00e1s amplias\u00bb, coment\u00f3 el dise\u00f1ador brit\u00e1nico de 68 a\u00f1os. Su colecci\u00f3n en tonos discretos y apagados incluy\u00f3 c\u00f3modos sobretodos con motivos geom\u00e9tricos, inspirados en la Bauhaus, y varios tapados de piel. La idea de abrirse a lo m\u00e1s amplio tambi\u00e9n sedujo a Lanvin, as\u00ed como la referencia a los a\u00f1os 70, por ejemplo en chaquetas de cuero brillante y solapa ancha.<\/p>\n<p dir=\"ltr\"><a href=\"http:\/\/c0290214.ferozo.com\/wpnews\/wp-content\/uploads\/2015\/01\/ab.jpg\"><img loading=\"lazy\" decoding=\"async\" class=\"alignleft size-full wp-image-7184\" title=\"ab\" src=\"http:\/\/c0290214.ferozo.com\/wpnews\/wp-content\/uploads\/2015\/01\/ab.jpg\" alt=\"\" width=\"150\" height=\"225\" srcset=\"http:\/\/cueroamerica.info\/wpnews\/wp-content\/uploads\/2015\/01\/ab.jpg 150w, http:\/\/cueroamerica.info\/wpnews\/wp-content\/uploads\/2015\/01\/ab-100x150.jpg 100w\" sizes=\"auto, (max-width: 150px) 100vw, 150px\" \/><\/a>Contra esa tendencia, Hedi Slimane mantuvo en su colecci\u00f3n para Saint Laurent figuras andr\u00f3ginas filiformes, con pantalones pegad\u00edsimos al cuerpo. En cuero o g\u00e9nero, domin\u00f3 otra vez el negro. Thom Browne llev\u00f3 al extremo la pasi\u00f3n por el negro: su desfile fue literalmente un funeral. Los modelos desfilaron con paso lento delante del difunto, todos vestidos de riguroso luto. \u00abEs la idea rom\u00e1ntica del respeto que la gente deber\u00eda tener por la gente y sus vidas\u00bb, dijo Browne a la AFP.<\/p>\n<p dir=\"ltr\">Algunos dise\u00f1adores buscan asociar lo confortable a lo unisex, sostienen que \u2018el camino es corto\u2019. Y proponen que \u201ceste hombre del 2015 a la b\u00fasqueda de referentes s\u00f3lidos no vacila en recorrerlo, o incluso ir m\u00e1s all\u00e1, asumiendo un lado femenino\u201d. Loewe llev\u00f3 esa confusi\u00f3n al paroxismo, con modelos cuyo sexo es a veces dif\u00edcil de adivinar a primera vista. Con variantes m\u00e1s sutiles, la fluidez de c\u00f3digos entre g\u00e9neros fue desarrollada en las colecciones de Maison Margiela o Ann Demeulemeester, como otros ya lo hab\u00edan hecho otros la semana anterior en Mil\u00e1n, incluyendo Gucci.<\/p>\n<p dir=\"ltr\">En Par\u00eds, Issey Miyake puso horquillas en el pelo engominado de sus modelos, Yamamoto les pint\u00f3 la barba y Givenchy las u\u00f1as de las manos. Y casi rebajado a la categor\u00eda de accesorio, el pene hizo unas breves pero muy comentadas apariciones en el desfile de Rick Owens, en modelos que al caminar dejaban distra\u00eddamente al descubierto su virilidad.<\/p>\n<p dir=\"ltr\">&#8212;&#8212;&#8212;&#8212;&#8212;&#8212;&#8212;&#8212;&#8212;&#8212;&#8212;&#8212;&#8212;&#8212;<\/p>\n<p dir=\"ltr\">Fashion United \/ CueroAm\u00e9rica<\/p>\n<p dir=\"ltr\">\u2014\u2014\u2014\u2014\u2014\u2014\u2014\u2014\u2014\u2014\u2014\u2014\u2014\u2014\u2014\u2014\u2014\u2014\u2014\u2014\u2014\u2014\u2014\u2014\u2014\u2014\u2014\u2014\u2014\u2014\u2014\u2014\u2014\u2014\u2014\u2014\u2014\u2014\u2014-<\/p>\n<p dir=\"ltr\">Para comunicarse con CueroAm\u00e9rica:\u00a0<a href=\"mailto:contacto@cueroamerica.com\">contacto@cueroamerica.com<\/a><\/p>\n<table width=\"529\" border=\"0\">\n<tbody>\n<tr>\n<td width=\"219\"><span style=\"font-family: Arial, Helvetica, sans-serif; font-size: small;\"><a href=\"http:\/\/www.edmpublications.com\/index.php?RubID=24&amp;SRubID=19&amp;PageID=38 \" target=\"_blank\"><img loading=\"lazy\" decoding=\"async\" src=\"http:\/\/www.cueroamerica.com.ar\/sponsors\/shoe200300v4.gif\" alt=\"\" width=\"300\" height=\"200\" border=\"0\" \/><\/a><\/span><\/td>\n<td width=\"300\"><span style=\"font-family: Arial, Helvetica, sans-serif; font-size: small;\"><a href=\"http:\/\/www.cueroamerica.com.ar\/sponsors\/dfsudamericana\/\" target=\"_blank\"><img loading=\"lazy\" decoding=\"async\" src=\"http:\/\/www.cueroamerica.com.ar\/sponsors\/dfsudbanner_300x200.jpg\" alt=\"\" width=\"300\" height=\"200\" border=\"0\" \/><\/a><\/span><\/td>\n<\/tr>\n<\/tbody>\n<\/table>\n<p>&nbsp;<\/p>\n","protected":false},"excerpt":{"rendered":"<p>En recientes desfiles de moda masculina en Par\u00eds se mostraron tonos, formas y dise\u00f1os para \u201cun hombre a la b\u00fasqueda de referentes seguros que lo hagan sentirse protegido en un mundo hostil, sin renunciar a asumir su lado femenino\u201d. Las referencias a la situaci\u00f3n actual fueron mencionadas por los dise\u00f1adores al presentar las nuevas colecciones [&hellip;]<\/p>\n","protected":false},"author":1,"featured_media":0,"comment_status":"closed","ping_status":"closed","sticky":false,"template":"","format":"standard","meta":{"footnotes":""},"categories":[],"tags":[],"class_list":["post-7179","post","type-post","status-publish","format-standard","hentry","count-0","even alt","author-","last"],"_links":{"self":[{"href":"http:\/\/cueroamerica.info\/wpnews\/wp-json\/wp\/v2\/posts\/7179","targetHints":{"allow":["GET"]}}],"collection":[{"href":"http:\/\/cueroamerica.info\/wpnews\/wp-json\/wp\/v2\/posts"}],"about":[{"href":"http:\/\/cueroamerica.info\/wpnews\/wp-json\/wp\/v2\/types\/post"}],"author":[{"embeddable":true,"href":"http:\/\/cueroamerica.info\/wpnews\/wp-json\/wp\/v2\/users\/1"}],"replies":[{"embeddable":true,"href":"http:\/\/cueroamerica.info\/wpnews\/wp-json\/wp\/v2\/comments?post=7179"}],"version-history":[{"count":6,"href":"http:\/\/cueroamerica.info\/wpnews\/wp-json\/wp\/v2\/posts\/7179\/revisions"}],"predecessor-version":[{"id":7182,"href":"http:\/\/cueroamerica.info\/wpnews\/wp-json\/wp\/v2\/posts\/7179\/revisions\/7182"}],"wp:attachment":[{"href":"http:\/\/cueroamerica.info\/wpnews\/wp-json\/wp\/v2\/media?parent=7179"}],"wp:term":[{"taxonomy":"category","embeddable":true,"href":"http:\/\/cueroamerica.info\/wpnews\/wp-json\/wp\/v2\/categories?post=7179"},{"taxonomy":"post_tag","embeddable":true,"href":"http:\/\/cueroamerica.info\/wpnews\/wp-json\/wp\/v2\/tags?post=7179"}],"curies":[{"name":"wp","href":"https:\/\/api.w.org\/{rel}","templated":true}]}}