{"id":7198,"date":"2015-01-28T21:13:06","date_gmt":"2015-01-28T21:13:06","guid":{"rendered":"http:\/\/c0290214.ferozo.com\/wpnews\/?p=7198"},"modified":"2015-03-06T12:19:08","modified_gmt":"2015-03-06T12:19:08","slug":"couromoda-nuevo-espacio-y-estilo-para-brindar-confort-informacion-y-servicios-a-los-profesionales-de-la-industria","status":"publish","type":"post","link":"http:\/\/cueroamerica.info\/wpnews\/2015\/01\/couromoda-nuevo-espacio-y-estilo-para-brindar-confort-informacion-y-servicios-a-los-profesionales-de-la-industria\/","title":{"rendered":"Couromoda, nuevo espacio y estilo para brindar confort informaci\u00f3n y servicios a los profesionales de la industria"},"content":{"rendered":"<p dir=\"ltr\"><a href=\"http:\/\/c0290214.ferozo.com\/wpnews\/wp-content\/uploads\/2015\/01\/fererer.jpg\"><img loading=\"lazy\" decoding=\"async\" class=\"alignleft  wp-image-7203\" title=\"fererer\" src=\"http:\/\/c0290214.ferozo.com\/wpnews\/wp-content\/uploads\/2015\/01\/fererer.jpg\" alt=\"\" width=\"240\" height=\"180\" \/><\/a>Asumiendo la realidad que est\u00e1n viviendo todas grandes las ferias del mundo del sector calzado e indumentaria -menor cantidad de visitantes-, Francisco Santos, presidente y creador de Couromoda, decidi\u00f3 dar un salto cualitativo en la versi\u00f3n 2015 del sal\u00f3n (11 al 14 de enero en San Pablo, Brasil). El modelo fue aprobado por expositores y visitantes.<\/p>\n<p dir=\"ltr\">Tras 42 a\u00f1os en Anhemb\u00ed, Couromoda se traslad\u00f3 al moderno y confortable pabell\u00f3n de Expo Center Norte. All\u00ed la esperaba la feria que la misma empresa realiza desde hace varios a\u00f1os, dedicada a la indumentaria textil, con una interesante apuesta a la sinergia de los dos salones. As\u00ed, marcando una unidad en el tema moda, el sal\u00f3n complement\u00f3 su proyecto presentando sectorizaci\u00f3n muy bien se\u00f1alizada, desfiles, conferencias, talleres y otras actividades de inter\u00e9s para el sector.<\/p>\n<p dir=\"ltr\"><a href=\"http:\/\/c0290214.ferozo.com\/wpnews\/wp-content\/uploads\/2015\/01\/gdgdgd.jpg\"><img loading=\"lazy\" decoding=\"async\" class=\"alignnone size-full wp-image-7207\" title=\"gdgdgd\" src=\"http:\/\/c0290214.ferozo.com\/wpnews\/wp-content\/uploads\/2015\/01\/gdgdgd.jpg\" alt=\"\" width=\"600\" height=\"247\" srcset=\"http:\/\/cueroamerica.info\/wpnews\/wp-content\/uploads\/2015\/01\/gdgdgd.jpg 600w, http:\/\/cueroamerica.info\/wpnews\/wp-content\/uploads\/2015\/01\/gdgdgd-300x123.jpg 300w, http:\/\/cueroamerica.info\/wpnews\/wp-content\/uploads\/2015\/01\/gdgdgd-150x61.jpg 150w\" sizes=\"auto, (max-width: 600px) 100vw, 600px\" \/><\/a><\/p>\n<p>Es bueno tener en cuenta que, como pasa habitualmente desde que el mundo es mundo, hubo un importante sector del expositores y visitantes manifestaron durante el 2014 su oposici\u00f3n al traslado y los cambios en la feria. Muchos de ellos restaron su participaci\u00f3n y difundieron su escepticismo. Saludablemente, el equipo del Grupo Couromoda mantuvo importantes apoyos y decidi\u00f3 concretar el nuevo proyecto y mostrar las bondades de su propuesta.<\/p>\n<div id=\"attachment_7205\" style=\"width: 160px\" class=\"wp-caption alignright\"><a href=\"http:\/\/c0290214.ferozo.com\/wpnews\/wp-content\/uploads\/2015\/01\/santos.jpg\"><img loading=\"lazy\" decoding=\"async\" aria-describedby=\"caption-attachment-7205\" class=\"size-full wp-image-7205\" title=\"santos\" src=\"http:\/\/c0290214.ferozo.com\/wpnews\/wp-content\/uploads\/2015\/01\/santos.jpg\" alt=\"\" width=\"150\" height=\"147\" \/><\/a><p id=\"caption-attachment-7205\" class=\"wp-caption-text\">Francisco Santos presidente del Grupo Couromoda<\/p><\/div>\n<p dir=\"ltr\">Seg\u00fan Francisco Santos la reestructuraci\u00f3n de la feria fue fundamental para o \u00e9xito de lo \u00e9l llama \u2018un proyecto vencedor\u2019. \u201cConcluimos de esta edici\u00f3n con el 70% de la feria renovada. El proyecto tuvo tanto \u00e9xito que esperamos pronto volver a la situaci\u00f3n de hace cinco a\u00f1os cuando ten\u00edamos una lista de espera para la feria\u201d, comenta el directivo.<\/p>\n<p dir=\"ltr\">Apostando a la informaci\u00f3n de moda a trav\u00e9s de desfiles todos los d\u00edas de la muestra y una intensa programaci\u00f3n de seminarios y conferencias para capacitaci\u00f3n de minoristas, a Couromoda atrajo a un gran y calificado p\u00fablico. El empresario adelanta que el formato ser\u00e1 mantenido para el pr\u00f3ximo a\u00f1o. \u201cEstamos estudiando a viabilidad de iniciar a feria el domingo tambi\u00e9n en 2016, hecho positivo en esta edici\u00f3n. Pero s\u00f3lo vamos tomar la decisi\u00f3n despu\u00e9s de escuchar al mercado\u201d, asegura.<\/p>\n<p dir=\"ltr\">Por su parte el presidente ejecutivo de la Associa\u00e7\u00e3o Brasileira das Ind\u00fastrias de Cal\u00e7ados (Abical\u00e7ados), Heitor Klein, resalt\u00f3 que la feria consolid\u00f3 un movimiento ya visto, de mayor \u00e1nimo en los negocios para el mercado externo. \u201cLa expectativa de incremento en las exportaciones ya comenz\u00f3 a ser consolidada en la feria. Podemos atribuir el movimiento al anuncio reciente del nuevo ministro de Desarrollo y Comercio Exterior, Armando Monteiro, de un programa fuerte de incentivo a la exportaci\u00f3n, y al d\u00f3lar en niveles m\u00e1s realistas\u201d, eval\u00faa el ejecutivo.<\/p>\n<p><a href=\"http:\/\/c0290214.ferozo.com\/wpnews\/wp-content\/uploads\/2015\/01\/fdfdfd.jpg\"><img loading=\"lazy\" decoding=\"async\" class=\"alignnone size-full wp-image-7206\" title=\"fdfdfd\" src=\"http:\/\/c0290214.ferozo.com\/wpnews\/wp-content\/uploads\/2015\/01\/fdfdfd.jpg\" alt=\"\" width=\"600\" height=\"153\" srcset=\"http:\/\/cueroamerica.info\/wpnews\/wp-content\/uploads\/2015\/01\/fdfdfd.jpg 600w, http:\/\/cueroamerica.info\/wpnews\/wp-content\/uploads\/2015\/01\/fdfdfd-300x76.jpg 300w, http:\/\/cueroamerica.info\/wpnews\/wp-content\/uploads\/2015\/01\/fdfdfd-150x38.jpg 150w\" sizes=\"auto, (max-width: 600px) 100vw, 600px\" \/><\/a><\/p>\n<p dir=\"ltr\">Abical\u00e7ados tambi\u00e9n aport\u00f3 a nueva din\u00e1mica del sal\u00f3n con proyectos de promoci\u00f3n comercial y de imagen y capacitaci\u00f3n. Durante los d\u00edas de la feria la entidad promovi\u00f3 el Proyecto Comprador VIP, que invit\u00f3 a un importante comprador de calzados masculinos de la red de tiendas de los Emiratos \u00c1rabes Unidos, Shoemart.<\/p>\n<p dir=\"ltr\"><a href=\"http:\/\/c0290214.ferozo.com\/wpnews\/wp-content\/uploads\/2015\/01\/ferrere.jpg\"><img loading=\"lazy\" decoding=\"async\" class=\"alignright size-full wp-image-7204\" title=\"ferrere\" src=\"http:\/\/c0290214.ferozo.com\/wpnews\/wp-content\/uploads\/2015\/01\/ferrere.jpg\" alt=\"\" width=\"300\" height=\"225\" srcset=\"http:\/\/cueroamerica.info\/wpnews\/wp-content\/uploads\/2015\/01\/ferrere.jpg 300w, http:\/\/cueroamerica.info\/wpnews\/wp-content\/uploads\/2015\/01\/ferrere-150x112.jpg 150w\" sizes=\"auto, (max-width: 300px) 100vw, 300px\" \/><\/a>Tambi\u00e9n durante Couromoda, Abical\u00e7ados realizo el Proyecto Imagen, que invito a diez periodistas internacionales: de Argentina (Seram y CueroAm\u00e9rica), Colombia (Stipe America y diario La Rep\u00fablica), Espa\u00f1a (Global Fashion), Francia (Chaucer, Le Fuir) e Italia (Arz Sutoria, Foto Ose), entre otros.<\/p>\n<p dir=\"ltr\">Tambi\u00e9n durante a Couromoda la entidad empresaria realiz\u00f3 una nueva edici\u00f3n del exitoso ciclo de charlas r\u00e1pidas \u00a0\u201cTalk Shoe\u201d sobre marketing, dise\u00f1o y moda.<\/p>\n<p dir=\"ltr\">Cabe destacar que el d\u00eda previo al comienzo de la feria, como es tradicional Couromoda organiz\u00f3 el Congreso Brasilero de Calzado, que alcanz\u00f3 un alto nivel de participaci\u00b4\u00f1on de profesionales y empresarios del sector.<\/p>\n<p dir=\"ltr\">\u2014\u2014\u2014\u2014\u2014\u2014\u2014\u2014\u2014\u2014\u2014\u2014\u2014\u2014\u2014\u2014\u2014\u2014\u2014\u2014\u2014\u2014\u2014\u2014\u2014\u2014\u2014\u2014\u2014\u2014\u2014\u2014\u2014\u2014\u2014\u2014\u2014\u2014\u2014<\/p>\n<p dir=\"ltr\">Para comunicarse con CueroAm\u00e9rica:\u00a0<a href=\"mailto:contacto@cueroamerica.com\">contacto@cueroamerica.com<\/a><\/p>\n<table border=\"0\" width=\"481\">\n<tbody>\n<tr>\n<td width=\"171\"><object width=\"300\" height=\"200\" classid=\"clsid:d27cdb6e-ae6d-11cf-96b8-444553540000\" codebase=\"http:\/\/download.macromedia.com\/pub\/shockwave\/cabs\/flash\/swflash.cab#version=6,0,40,0\"><param name=\"quality\" value=\"high\" \/><param name=\"src\" value=\"http:\/\/www.cueroamerica.com.ar\/sponsors\/jn_banner_300x200.swf\" \/><param name=\"pluginspage\" value=\"http:\/\/www.macromedia.com\/go\/getflashplayer\" \/><embed width=\"300\" height=\"200\" type=\"application\/x-shockwave-flash\" src=\"http:\/\/www.cueroamerica.com.ar\/sponsors\/jn_banner_300x200.swf\" quality=\"high\" pluginspage=\"http:\/\/www.macromedia.com\/go\/getflashplayer\" \/><\/object><\/td>\n<td width=\"300\"><span style=\"font-family: Arial, Helvetica, sans-serif; font-size: small;\"><a href=\"http:\/\/www.feirafrancal.com.br\/2015\/es-es\/\" target=\"_blank\"><img loading=\"lazy\" decoding=\"async\" src=\"http:\/\/www.cueroamerica.com.ar\/sponsors\/bnn_francal2015_300x200_esp.jpg\" alt=\"\" width=\"300\" height=\"200\" border=\"0\" \/><\/a><\/span><\/td>\n<\/tr>\n<\/tbody>\n<\/table>\n","protected":false},"excerpt":{"rendered":"<p>Asumiendo la realidad que est\u00e1n viviendo todas grandes las ferias del mundo del sector calzado e indumentaria -menor cantidad de visitantes-, Francisco Santos, presidente y creador de Couromoda, decidi\u00f3 dar un salto cualitativo en la versi\u00f3n 2015 del sal\u00f3n (11 al 14 de enero en San Pablo, Brasil). El modelo fue aprobado por expositores y [&hellip;]<\/p>\n","protected":false},"author":1,"featured_media":0,"comment_status":"closed","ping_status":"closed","sticky":false,"template":"","format":"standard","meta":{"footnotes":""},"categories":[],"tags":[],"class_list":["post-7198","post","type-post","status-publish","format-standard","hentry","count-0","even alt","author-","last"],"_links":{"self":[{"href":"http:\/\/cueroamerica.info\/wpnews\/wp-json\/wp\/v2\/posts\/7198","targetHints":{"allow":["GET"]}}],"collection":[{"href":"http:\/\/cueroamerica.info\/wpnews\/wp-json\/wp\/v2\/posts"}],"about":[{"href":"http:\/\/cueroamerica.info\/wpnews\/wp-json\/wp\/v2\/types\/post"}],"author":[{"embeddable":true,"href":"http:\/\/cueroamerica.info\/wpnews\/wp-json\/wp\/v2\/users\/1"}],"replies":[{"embeddable":true,"href":"http:\/\/cueroamerica.info\/wpnews\/wp-json\/wp\/v2\/comments?post=7198"}],"version-history":[{"count":9,"href":"http:\/\/cueroamerica.info\/wpnews\/wp-json\/wp\/v2\/posts\/7198\/revisions"}],"predecessor-version":[{"id":7200,"href":"http:\/\/cueroamerica.info\/wpnews\/wp-json\/wp\/v2\/posts\/7198\/revisions\/7200"}],"wp:attachment":[{"href":"http:\/\/cueroamerica.info\/wpnews\/wp-json\/wp\/v2\/media?parent=7198"}],"wp:term":[{"taxonomy":"category","embeddable":true,"href":"http:\/\/cueroamerica.info\/wpnews\/wp-json\/wp\/v2\/categories?post=7198"},{"taxonomy":"post_tag","embeddable":true,"href":"http:\/\/cueroamerica.info\/wpnews\/wp-json\/wp\/v2\/tags?post=7198"}],"curies":[{"name":"wp","href":"https:\/\/api.w.org\/{rel}","templated":true}]}}