{"id":7270,"date":"2015-03-06T12:33:09","date_gmt":"2015-03-06T12:33:09","guid":{"rendered":"http:\/\/c0290214.ferozo.com\/wpnews\/?p=7270"},"modified":"2015-03-06T14:22:09","modified_gmt":"2015-03-06T14:22:09","slug":"brasil-espera-que-un-ano-positivo-para-sus-embarques-de-calzado","status":"publish","type":"post","link":"http:\/\/cueroamerica.info\/wpnews\/2015\/03\/brasil-espera-que-un-ano-positivo-para-sus-embarques-de-calzado\/","title":{"rendered":"Brasil espera que un a\u00f1o positivo para sus embarques de calzado"},"content":{"rendered":"<p><a href=\"http:\/\/c0290214.ferozo.com\/wpnews\/wp-content\/uploads\/2015\/03\/exportaciones-brasil.jpg\"><img loading=\"lazy\" decoding=\"async\" class=\" size-medium wp-image-7237 alignright\" src=\"http:\/\/c0290214.ferozo.com\/wpnews\/wp-content\/uploads\/2015\/03\/exportaciones-brasil-300x179.jpg\" alt=\"exportaciones-brasil\" width=\"300\" height=\"179\" srcset=\"http:\/\/cueroamerica.info\/wpnews\/wp-content\/uploads\/2015\/03\/exportaciones-brasil-300x179.jpg 300w, http:\/\/cueroamerica.info\/wpnews\/wp-content\/uploads\/2015\/03\/exportaciones-brasil.jpg 504w\" sizes=\"auto, (max-width: 300px) 100vw, 300px\" \/><\/a>La Asociaci\u00f3n Brasilera de las Industrias de Calzados (Abical\u00e7ados) eval\u00faa que devaluaci\u00f3n del real junto a una mejora en principales mercados del mundo para el calzado brasilero generan buenas expectativas para los exportadores.<\/p>\n<p>La apuntada perspectiva fue comentada a la prensa internacional reunida durante la reciente feria Couromoda, en la ciudad de San Pablo. Heitor Klein, presidente ejecutivo de Abical\u00e7ados destac\u00f3 la perspectiva de un a\u00f1o mejor en el campo de las exportaciones y de estabilidad o baja en el mercado dom\u00e9stico.<\/p>\n<p>Seg\u00fan Klein el 2015 ser\u00e1 un a\u00f1o de ajustes y las industrias deber\u00e1n estar preparadas para enfrentarlo para volver a crecer de forma sustentable, a partir del pr\u00f3ximo a\u00f1o. \u201cEn el mercado externo, la expectativa, apoyada en la valorizaci\u00f3n del d\u00f3lar en el mercado local, es de aumento en los embarques, dado que as\u00ed nuestro precio resulta m\u00e1s competitivo. Ya en el mercado dom\u00e9stico, se empat\u00e1ramos con el 2014 ser\u00eda un gran logro\u201d, asegur\u00f3 el directivo. Tambi\u00e9n destaco que el endeudamiento de las familias y la inflaci\u00f3n ser\u00e1n impedimentos para una mejor performance.<\/p>\n<p>Abical\u00e7ados aprovech\u00f3 la rueda de prensa para oficializar el lanzamiento de la nueva campa\u00f1a de proyecto Brazilian Footwear, programa de apoyo a las exportaciones de calzado desarrollados por la entidad empresaria en conjunto con la Agencia Brasilera de Promoci\u00f3n de Exportaciones e Inversiones (Apex-Brasil).<\/p>\n<p><a href=\"http:\/\/c0290214.ferozo.com\/wpnews\/wp-content\/uploads\/2015\/03\/F\u00e1brica-de-calzado_27.jpg\"><img loading=\"lazy\" decoding=\"async\" class=\"  wp-image-7273 alignleft\" src=\"http:\/\/c0290214.ferozo.com\/wpnews\/wp-content\/uploads\/2015\/03\/F\u00e1brica-de-calzado_27-300x200.jpg\" alt=\"F\u00e1brica de calzado_27\" width=\"282\" height=\"190\" \/><\/a>El programa de promoci\u00f3n para el ciclo 2015\/2016 prev\u00e9 la inversi\u00f3n de R$ 41,4 millones en acciones de desarrollo, capacitaci\u00f3n y promoci\u00f3n comercial y de imagen durante el bienio. Al referirse a este nuevo acuerdo Heitor Klein, presidente ejecutivo de Abical\u00e7ados, destac\u00f3 el importante incremento en el n\u00famero de mercados desde la adopci\u00f3n del Programa, en el a\u00f1o 2000, que pas\u00f3 de 100 a 150 pa\u00edses. Explic\u00f3 que adem\u00e1s de ese crecimiento, La industria brasilera pas\u00f3 a \u201cexportar m\u00e1s calzado con marca propia\u201d.<\/p>\n<p>Los gestores responsables del Brazilian Footwear por Abical\u00e7ados, Cristiano K\u00f6rbes, y por Apex-Brasil, Mariana Gomes, anunciaron las acciones del proyecto para este per\u00edodo<\/p>\n<p>Klein present\u00f3 la nueva campa\u00f1a de Brazilian Footwear de forma descontracturada haciendo hincapi\u00e9 en el objetivo romper viejos paradigmas en la exportaci\u00f3n de las marcas Made in Brazil.<\/p>\n<p>Para rep`resentar el paso que esta dando la industria brasilera del calzado, Abical\u00e7ados present\u00f3 la simulaci\u00f3n de una pared con la inscripci\u00f3n.<\/p>\n<p>Klein hizo hincapi\u00e9 en la importancia de romper \u00ablos discursos hechos\u00bb que aseguran que las empresas m\u00e1s peque\u00f1as no pueden exportar o que las marcas brasileras no logran vender en el exterior. Dicho esto, con la ayuda de un martillo \u2013representando la voluntad y el convencimiento- el ejecutivo rompi\u00f3 el muro, apareciendo un mensaje a la industria que dec\u00eda: \u00ablos prejuicios se rompen ha comenzado\u00bb.<\/p>\n<p dir=\"ltr\">\u2014\u2014\u2014\u2014\u2014\u2014\u2014\u2014\u2014\u2014\u2014\u2014\u2014\u2014\u2014\u2014\u2014\u2014\u2014\u2014\u2014\u2014\u2014\u2014\u2014\u2014\u2014\u2014\u2014\u2014\u2014\u2014\u2014\u2014\u2014\u2014\u2014\u2014\u2014\u2014\u2014\u2014\u2014\u2014\u2014<\/p>\n<p dir=\"ltr\">Para comunicarse con CueroAm\u00e9rica: <span style=\"color: #3366ff;\"><a style=\"color: #3366ff;\" href=\"mailto:contacto@cueroamerica.com\">contacto@cueroamerica.com<\/a><\/span><\/p>\n<table border=\"0\" width=\"481\">\n<tbody>\n<tr>\n<td width=\"300\"><span style=\"font-family: Arial, Helvetica, sans-serif; font-size: small;\"><a href=\"http:\/\/www.feirafrancal.com.br\/2015\/es-es\/\" target=\"_blank\"><img loading=\"lazy\" decoding=\"async\" src=\"http:\/\/www.cueroamerica.com.ar\/sponsors\/bnn_francal2015_300x200_esp.jpg\" alt=\"\" width=\"300\" height=\"200\" border=\"0\" \/><\/a><\/span><\/td>\n<td width=\"171\"><a href=\"http:\/\/www.rallysonline.com.ar\/\"><img loading=\"lazy\" decoding=\"async\" class=\"alignnone\" src=\"http:\/\/www.calzado-online.com\/banner-rallys-calzado-online.jpg\" alt=\"\" width=\"300\" height=\"200\" \/><\/a><\/td>\n<\/tr>\n<\/tbody>\n<\/table>\n","protected":false},"excerpt":{"rendered":"<p>La Asociaci\u00f3n Brasilera de las Industrias de Calzados (Abical\u00e7ados) eval\u00faa que devaluaci\u00f3n del real junto a una mejora en principales mercados del mundo para el calzado brasilero generan buenas expectativas para los exportadores. La apuntada perspectiva fue comentada a la prensa internacional reunida durante la reciente feria Couromoda, en la ciudad de San Pablo. Heitor [&hellip;]<\/p>\n","protected":false},"author":3,"featured_media":0,"comment_status":"closed","ping_status":"closed","sticky":false,"template":"","format":"standard","meta":{"footnotes":""},"categories":[],"tags":[],"class_list":["post-7270","post","type-post","status-publish","format-standard","hentry","count-0","even alt","author-adminca","last"],"_links":{"self":[{"href":"http:\/\/cueroamerica.info\/wpnews\/wp-json\/wp\/v2\/posts\/7270","targetHints":{"allow":["GET"]}}],"collection":[{"href":"http:\/\/cueroamerica.info\/wpnews\/wp-json\/wp\/v2\/posts"}],"about":[{"href":"http:\/\/cueroamerica.info\/wpnews\/wp-json\/wp\/v2\/types\/post"}],"author":[{"embeddable":true,"href":"http:\/\/cueroamerica.info\/wpnews\/wp-json\/wp\/v2\/users\/3"}],"replies":[{"embeddable":true,"href":"http:\/\/cueroamerica.info\/wpnews\/wp-json\/wp\/v2\/comments?post=7270"}],"version-history":[{"count":8,"href":"http:\/\/cueroamerica.info\/wpnews\/wp-json\/wp\/v2\/posts\/7270\/revisions"}],"predecessor-version":[{"id":7310,"href":"http:\/\/cueroamerica.info\/wpnews\/wp-json\/wp\/v2\/posts\/7270\/revisions\/7310"}],"wp:attachment":[{"href":"http:\/\/cueroamerica.info\/wpnews\/wp-json\/wp\/v2\/media?parent=7270"}],"wp:term":[{"taxonomy":"category","embeddable":true,"href":"http:\/\/cueroamerica.info\/wpnews\/wp-json\/wp\/v2\/categories?post=7270"},{"taxonomy":"post_tag","embeddable":true,"href":"http:\/\/cueroamerica.info\/wpnews\/wp-json\/wp\/v2\/tags?post=7270"}],"curies":[{"name":"wp","href":"https:\/\/api.w.org\/{rel}","templated":true}]}}