{"id":7288,"date":"2015-03-06T12:51:50","date_gmt":"2015-03-06T12:51:50","guid":{"rendered":"http:\/\/c0290214.ferozo.com\/wpnews\/?p=7288"},"modified":"2015-03-06T16:23:35","modified_gmt":"2015-03-06T16:23:35","slug":"alessandro-michele-nuevo-director-creativo-de-gucci","status":"publish","type":"post","link":"http:\/\/cueroamerica.info\/wpnews\/2015\/03\/alessandro-michele-nuevo-director-creativo-de-gucci\/","title":{"rendered":"Alessandro Michele, nuevo director creativo de Gucci"},"content":{"rendered":"<div id=\"attachment_7238\" style=\"width: 191px\" class=\"wp-caption alignright\"><a href=\"http:\/\/c0290214.ferozo.com\/wpnews\/wp-content\/uploads\/2015\/03\/Alessandro-Michele-nuevo-director-creativo-de-Gucci_1-.jpg\"><img loading=\"lazy\" decoding=\"async\" aria-describedby=\"caption-attachment-7238\" class=\"wp-image-7238 \" src=\"http:\/\/c0290214.ferozo.com\/wpnews\/wp-content\/uploads\/2015\/03\/Alessandro-Michele-nuevo-director-creativo-de-Gucci_1--239x300.jpg\" alt=\"Alessandro Michele nuevo director creativo de Gucci_1\" width=\"181\" height=\"228\" srcset=\"http:\/\/cueroamerica.info\/wpnews\/wp-content\/uploads\/2015\/03\/Alessandro-Michele-nuevo-director-creativo-de-Gucci_1--239x300.jpg 239w, http:\/\/cueroamerica.info\/wpnews\/wp-content\/uploads\/2015\/03\/Alessandro-Michele-nuevo-director-creativo-de-Gucci_1-.jpg 278w\" sizes=\"auto, (max-width: 181px) 100vw, 181px\" \/><\/a><p id=\"caption-attachment-7238\" class=\"wp-caption-text\">Alessandro Michele, nuevo director creativo de Gucci<\/p><\/div>\n<p>La firma italiana Gucci anunci\u00f3 el mi\u00e9rcoles el nombramiento de Alessandro Michele como nuevo director creativo de la firma, un cargo abandonado la semana pasada por la estilista Frida Giannini.<\/p>\n<p>Michele, de 42 a\u00f1os, estudi\u00f3 en la Academia del Traje y del Dise\u00f1o de Roma y ha trabajado como dise\u00f1ador de complementos masculinos de la marca Fendi. Entr\u00f3 en Gucci en 2002, al integrarse en el Departamento Creativo, y en 2011 fue ascendido como asistente en la direcci\u00f3n creativa de la marca, convirti\u00e9ndose en la \u00abmano derecha\u00bb de Giannini.<\/p>\n<p>En septiembre del a\u00f1o pasado, fue designado como director creativo de la marca de porcelanas Richard Ginori, propiedad de Gucci, y ahora sustituir\u00e1 en el cargo a Giannini.<\/p>\n<p>El presidente y consejero delegado de la casa de moda, Marco Bizzarri, explic\u00f3 que el nombramiento de Michele como estilista se debe a \u00absu punto de vista contempor\u00e1neo\u00bb.<\/p>\n<div id=\"attachment_7291\" style=\"width: 161px\" class=\"wp-caption alignleft\"><a href=\"http:\/\/c0290214.ferozo.com\/wpnews\/wp-content\/uploads\/2015\/03\/Frida-Giannini-y-Patrizio-Di-Marco-abandonaron-la-marca-Gucci-_3.jpg\"><img loading=\"lazy\" decoding=\"async\" aria-describedby=\"caption-attachment-7291\" class=\"wp-image-7291 \" src=\"http:\/\/c0290214.ferozo.com\/wpnews\/wp-content\/uploads\/2015\/03\/Frida-Giannini-y-Patrizio-Di-Marco-abandonaron-la-marca-Gucci-_3-300x300.jpg\" alt=\"Frida Giannini y Patrizio Di Marco abandonaron la marca Gucci _3\" width=\"151\" height=\"151\" srcset=\"http:\/\/cueroamerica.info\/wpnews\/wp-content\/uploads\/2015\/03\/Frida-Giannini-y-Patrizio-Di-Marco-abandonaron-la-marca-Gucci-_3-300x300.jpg 300w, http:\/\/cueroamerica.info\/wpnews\/wp-content\/uploads\/2015\/03\/Frida-Giannini-y-Patrizio-Di-Marco-abandonaron-la-marca-Gucci-_3-150x150.jpg 150w, http:\/\/cueroamerica.info\/wpnews\/wp-content\/uploads\/2015\/03\/Frida-Giannini-y-Patrizio-Di-Marco-abandonaron-la-marca-Gucci-_3.jpg 550w\" sizes=\"auto, (max-width: 151px) 100vw, 151px\" \/><\/a><p id=\"caption-attachment-7291\" class=\"wp-caption-text\">Frida Giannini y Patrizio Di Marco abandonaron la marca Gucci<\/p><\/div>\n<p>\u00abAlessandro posee la calidad y la visi\u00f3n necesarias para imprimir una perspectiva contempor\u00e1nea a Gucci y guiar a la marca en un nuevo y emocionante cap\u00edtulo de su historia\u00bb, dijo Bizzarri en un comunicado.<\/p>\n<p>Giannini, directora creativa de la marca florentina durante nueve a\u00f1os y que el pasado 12 de enero abandon\u00f3 el cargo dos meses antes de lo previsto. Por esto, Alessandro Michele tuvo que hacerse cargo en menos de una semana de la colecci\u00f3n de Gucci para la Semana de la Moda masculina de Mil\u00e1n, que se realz\u00f3 del 17 al 20 del pasado enero.<\/p>\n<p>Giannini hab\u00eda dejado terminada la colecci\u00f3n que deb\u00eda desfilar en esta edici\u00f3n, pero, seg\u00fan lo publicado ayer por el diario \u00abIl Corriere della Sera\u00bb, Bizzarri la descart\u00f3 y encarg\u00f3 a Michele la creaci\u00f3n de una nueva en seis d\u00edas.<\/p>\n<p dir=\"ltr\">\u2014\u2014\u2014\u2014\u2014\u2014\u2014\u2014\u2014\u2014\u2014\u2014\u2014\u2014\u2014\u2014\u2014\u2014\u2014\u2014\u2014\u2014\u2014\u2014\u2014\u2014\u2014\u2014\u2014\u2014\u2014<\/p>\n<p dir=\"ltr\">Para comunicarse con CueroAm\u00e9rica: <span style=\"color: #3366ff;\"><a style=\"color: #3366ff;\" href=\"mailto:contacto@cueroamerica.com\">contacto@cueroamerica.com<\/a><\/span><\/p>\n<table border=\"0\" width=\"481\">\n<tbody>\n<tr>\n<td width=\"171\"><a href=\"http:\/\/www.sapica.com\/\"><img loading=\"lazy\" decoding=\"async\" class=\"alignnone\" src=\"http:\/\/www.cueroamerica.com.ar\/sponsors\/sapica_300x200a.gif\" alt=\"\" width=\"300\" height=\"200\" \/><\/a><\/td>\n<td width=\"300\"><a href=\"http:\/\/tecnicaquimica.com.ar\/\"><img loading=\"lazy\" decoding=\"async\" class=\"alignnone\" src=\"http:\/\/www.cueroamerica.com.ar\/sponsors\/tqa-banner-02.gif\" alt=\"\" width=\"300\" height=\"200\" \/><\/a><\/td>\n<\/tr>\n<\/tbody>\n<\/table>\n","protected":false},"excerpt":{"rendered":"<p>La firma italiana Gucci anunci\u00f3 el mi\u00e9rcoles el nombramiento de Alessandro Michele como nuevo director creativo de la firma, un cargo abandonado la semana pasada por la estilista Frida Giannini. Michele, de 42 a\u00f1os, estudi\u00f3 en la Academia del Traje y del Dise\u00f1o de Roma y ha trabajado como dise\u00f1ador de complementos masculinos de la [&hellip;]<\/p>\n","protected":false},"author":3,"featured_media":0,"comment_status":"closed","ping_status":"closed","sticky":false,"template":"","format":"standard","meta":{"footnotes":""},"categories":[],"tags":[],"class_list":["post-7288","post","type-post","status-publish","format-standard","hentry","count-0","even alt","author-adminca","last"],"_links":{"self":[{"href":"http:\/\/cueroamerica.info\/wpnews\/wp-json\/wp\/v2\/posts\/7288","targetHints":{"allow":["GET"]}}],"collection":[{"href":"http:\/\/cueroamerica.info\/wpnews\/wp-json\/wp\/v2\/posts"}],"about":[{"href":"http:\/\/cueroamerica.info\/wpnews\/wp-json\/wp\/v2\/types\/post"}],"author":[{"embeddable":true,"href":"http:\/\/cueroamerica.info\/wpnews\/wp-json\/wp\/v2\/users\/3"}],"replies":[{"embeddable":true,"href":"http:\/\/cueroamerica.info\/wpnews\/wp-json\/wp\/v2\/comments?post=7288"}],"version-history":[{"count":21,"href":"http:\/\/cueroamerica.info\/wpnews\/wp-json\/wp\/v2\/posts\/7288\/revisions"}],"predecessor-version":[{"id":7369,"href":"http:\/\/cueroamerica.info\/wpnews\/wp-json\/wp\/v2\/posts\/7288\/revisions\/7369"}],"wp:attachment":[{"href":"http:\/\/cueroamerica.info\/wpnews\/wp-json\/wp\/v2\/media?parent=7288"}],"wp:term":[{"taxonomy":"category","embeddable":true,"href":"http:\/\/cueroamerica.info\/wpnews\/wp-json\/wp\/v2\/categories?post=7288"},{"taxonomy":"post_tag","embeddable":true,"href":"http:\/\/cueroamerica.info\/wpnews\/wp-json\/wp\/v2\/tags?post=7288"}],"curies":[{"name":"wp","href":"https:\/\/api.w.org\/{rel}","templated":true}]}}