{"id":7317,"date":"2015-03-06T14:49:40","date_gmt":"2015-03-06T14:49:40","guid":{"rendered":"http:\/\/c0290214.ferozo.com\/wpnews\/?p=7317"},"modified":"2015-03-06T16:13:34","modified_gmt":"2015-03-06T16:13:34","slug":"la-cec-y-el-sindicalismo-de-europa-organizaron-un-taller-sobre-el-trabajo-en-el-calzado","status":"publish","type":"post","link":"http:\/\/cueroamerica.info\/wpnews\/2015\/03\/la-cec-y-el-sindicalismo-de-europa-organizaron-un-taller-sobre-el-trabajo-en-el-calzado\/","title":{"rendered":"La CEC y el sindicalismo de Europa organizaron un taller sobre el trabajo en el calzado"},"content":{"rendered":"<div id=\"attachment_7241\" style=\"width: 225px\" class=\"wp-caption alignleft\"><a href=\"http:\/\/c0290214.ferozo.com\/wpnews\/wp-content\/uploads\/2015\/03\/Jean-Pierre-Renaudin-presidente-de-la-CEC__2.jpg\"><img loading=\"lazy\" decoding=\"async\" aria-describedby=\"caption-attachment-7241\" class=\"size-medium wp-image-7241\" src=\"http:\/\/c0290214.ferozo.com\/wpnews\/wp-content\/uploads\/2015\/03\/Jean-Pierre-Renaudin-presidente-de-la-CEC__2-215x300.jpg\" alt=\"Jean-Pierre Renaudin presidente de la CEC\" width=\"215\" height=\"300\" srcset=\"http:\/\/cueroamerica.info\/wpnews\/wp-content\/uploads\/2015\/03\/Jean-Pierre-Renaudin-presidente-de-la-CEC__2-215x300.jpg 215w, http:\/\/cueroamerica.info\/wpnews\/wp-content\/uploads\/2015\/03\/Jean-Pierre-Renaudin-presidente-de-la-CEC__2-768x1071.jpg 768w, http:\/\/cueroamerica.info\/wpnews\/wp-content\/uploads\/2015\/03\/Jean-Pierre-Renaudin-presidente-de-la-CEC__2-734x1024.jpg 734w, http:\/\/cueroamerica.info\/wpnews\/wp-content\/uploads\/2015\/03\/Jean-Pierre-Renaudin-presidente-de-la-CEC__2.jpg 1992w\" sizes=\"auto, (max-width: 215px) 100vw, 215px\" \/><\/a><p id=\"caption-attachment-7241\" class=\"wp-caption-text\">Jean-Pierre Renaudin presidente de la CEC<\/p><\/div>\n<p>La Confederaci\u00f3n Europea de la Industria del Calzado (CEC) organiz\u00f3 junto al Sindicato Europeo industriAll un taller en Bruselas. La CEC recalc\u00f3 que el encuentro fue muy fruct\u00edfero y culmin\u00f3 con recomendaciones para implementar pol\u00edticas concretas y nuevas ideas para reforzar al sector del calzado en Europa.<\/p>\n<p>Seg\u00fan un comunicado de prensa emitido por la Confederaci\u00f3n Europea de la Industria del Calzado, el evento se realiz\u00f3 en el contexto del proyecto \u201cDesarrollando el di\u00e1logo social en el Sector Europeo del Calzado\u201d.<\/p>\n<p>Las asociaciones de fabricantes y comerciantes del calzado europeas que re\u00fane la CEC, los sindicatos que pertenecen a industriAll y representantes de la Comisi\u00f3n Europea identificaron y hablaron sobre las acciones m\u00e1s urgentes que se requieren para apoyar el crecimiento y la competitividad del sector europeo del calzado.<\/p>\n<p>La CEC explic\u00f3 que los participantes recalcaron la buena reputaci\u00f3n del calzado europeo en t\u00e9rminos de buena calidad y distinci\u00f3n, obtenidos gracias al conocimiento t\u00e9cnico de la fuerza de trabajo. Pero enfatiz\u00f3 que mantener esta ventaja requiere una inversi\u00f3n continua en capacitaci\u00f3n y en la colaboraci\u00f3n entre empresas y centros educativos, en parte para que haya suficiente mano de obra calificada para satisfacer la demanda de trabajo.<\/p>\n<p>Los presentes concordaron que la falta de atractivo para trabajar en el sector junto al poco acceso al financiamiento para las peque\u00f1as y medianas empresas constituyen las principales amenazas para el desarrollo sustentable de la industria en Europa.<\/p>\n<p>Entre las oportunidades para el crecimiento del sector se mencion\u00f3 la demanda de los consumidores de productos hechos a medida, el e-commerce y el nuevo nicho de mercado representado por los adultos mayores que cada d\u00eda tienen una mayor expectativa de vida.<\/p>\n<p>Adem\u00e1s, los participantes destacaron que la aprobaci\u00f3n del etiquetado de origen obligatorio podr\u00eda promover el reconocimiento internacional del calzado europeo.<\/p>\n<p>Durante el encuentro se comprometieron a lanzar una campa\u00f1a inmediata para atraer a las j\u00f3venes generaciones a trabajar en el sector calzado.<\/p>\n<p dir=\"ltr\">\u2014\u2014\u2014\u2014\u2014\u2014\u2014\u2014\u2014\u2014\u2014\u2014\u2014\u2014\u2014\u2014\u2014\u2014\u2014\u2014\u2014\u2014\u2014\u2014\u2014\u2014\u2014\u2014\u2014\u2014\u2014\u2014\u2014\u2014\u2014\u2014\u2014\u2014\u2014\u2014\u2014\u2014\u2014\u2014\u2014<\/p>\n<p>Para comunicarse con CueroAm\u00e9rica: <span style=\"color: #3366ff;\"><a style=\"color: #3366ff;\" href=\"mailto:contacto@cueroamerica.com\">contacto@cueroamerica.com<\/a><\/span><\/p>\n<table border=\"0\" width=\"310\">\n<tbody>\n<tr>\n<td width=\"300\"><a href=\"http:\/\/www.arsarpel.com\/\"><img loading=\"lazy\" decoding=\"async\" class=\"alignnone\" src=\"http:\/\/www.cueroamerica.com.ar\/sponsors\/aagbanner.gif\" alt=\"\" width=\"300\" height=\"200\" \/><\/a><\/td>\n<td width=\"300\"><a href=\"http:\/\/www.hebillasempre.com.ar\/espanol\/home\"><img loading=\"lazy\" decoding=\"async\" class=\"alignnone\" src=\"http:\/\/www.cueroamerica.com.ar\/sponsors\/empre_300x2000.jpg\" alt=\"\" width=\"300\" height=\"200\" \/><\/a><\/td>\n<\/tr>\n<\/tbody>\n<\/table>\n","protected":false},"excerpt":{"rendered":"<p>La Confederaci\u00f3n Europea de la Industria del Calzado (CEC) organiz\u00f3 junto al Sindicato Europeo industriAll un taller en Bruselas. La CEC recalc\u00f3 que el encuentro fue muy fruct\u00edfero y culmin\u00f3 con recomendaciones para implementar pol\u00edticas concretas y nuevas ideas para reforzar al sector del calzado en Europa. Seg\u00fan un comunicado de prensa emitido por la [&hellip;]<\/p>\n","protected":false},"author":3,"featured_media":0,"comment_status":"closed","ping_status":"closed","sticky":false,"template":"","format":"standard","meta":{"footnotes":""},"categories":[],"tags":[],"class_list":["post-7317","post","type-post","status-publish","format-standard","hentry","count-0","even alt","author-adminca","last"],"_links":{"self":[{"href":"http:\/\/cueroamerica.info\/wpnews\/wp-json\/wp\/v2\/posts\/7317","targetHints":{"allow":["GET"]}}],"collection":[{"href":"http:\/\/cueroamerica.info\/wpnews\/wp-json\/wp\/v2\/posts"}],"about":[{"href":"http:\/\/cueroamerica.info\/wpnews\/wp-json\/wp\/v2\/types\/post"}],"author":[{"embeddable":true,"href":"http:\/\/cueroamerica.info\/wpnews\/wp-json\/wp\/v2\/users\/3"}],"replies":[{"embeddable":true,"href":"http:\/\/cueroamerica.info\/wpnews\/wp-json\/wp\/v2\/comments?post=7317"}],"version-history":[{"count":5,"href":"http:\/\/cueroamerica.info\/wpnews\/wp-json\/wp\/v2\/posts\/7317\/revisions"}],"predecessor-version":[{"id":7362,"href":"http:\/\/cueroamerica.info\/wpnews\/wp-json\/wp\/v2\/posts\/7317\/revisions\/7362"}],"wp:attachment":[{"href":"http:\/\/cueroamerica.info\/wpnews\/wp-json\/wp\/v2\/media?parent=7317"}],"wp:term":[{"taxonomy":"category","embeddable":true,"href":"http:\/\/cueroamerica.info\/wpnews\/wp-json\/wp\/v2\/categories?post=7317"},{"taxonomy":"post_tag","embeddable":true,"href":"http:\/\/cueroamerica.info\/wpnews\/wp-json\/wp\/v2\/tags?post=7317"}],"curies":[{"name":"wp","href":"https:\/\/api.w.org\/{rel}","templated":true}]}}