{"id":8338,"date":"2015-09-15T15:48:08","date_gmt":"2015-09-15T15:48:08","guid":{"rendered":"http:\/\/c0290214.ferozo.com\/wpnews\/?p=8338"},"modified":"2015-09-16T15:18:32","modified_gmt":"2015-09-16T15:18:32","slug":"importantes-empresas-de-la-industria-del-cuero-apoyan-el-xxxiii-congreso-de-iultcs","status":"publish","type":"post","link":"http:\/\/cueroamerica.info\/wpnews\/2015\/09\/importantes-empresas-de-la-industria-del-cuero-apoyan-el-xxxiii-congreso-de-iultcs\/","title":{"rendered":"Importantes empresas de la industria del cuero apoyan el XXXIII Congreso de IULTCS"},"content":{"rendered":"<p><a href=\"http:\/\/c0290214.ferozo.com\/wpnews\/wp-content\/uploads\/2015\/09\/Logo-XXXIII-IULTCS-FLACTIC-ABQTIC-Congress-Brazil.jpg\"><img loading=\"lazy\" decoding=\"async\" class=\"alignleft  wp-image-8335\" src=\"http:\/\/c0290214.ferozo.com\/wpnews\/wp-content\/uploads\/2015\/09\/Logo-XXXIII-IULTCS-FLACTIC-ABQTIC-Congress-Brazil-300x121.jpg\" alt=\"Logo XXXIII IULTCS - FLACTIC - ABQTIC Congress - Brazil\" width=\"231\" height=\"99\" \/><\/a>El XXXIII Congreso de la IULTCS, el mayor evento t\u00e9cnico del sector a nivel mundial que se realizar\u00e1 del 24 al 27 de noviembre en Brasil, dio a conocer los nombres de las empresas clave del sector cuero que ya confirmaron su participaci\u00f3n en \u00e9l. El evento congregar\u00e1 en la ciudad de Novo Hamburgo a cientos de profesionales y empresarios de la industria curtidora y sus sectores afines.<\/p>\n<p>Importantes nombres del sector curtidor y el qu\u00edmico confirmaron su presencia en el m\u00e1s importante evento t\u00e9cnico del cuero del mundo, que este a\u00f1o tendr\u00e1 lugar en Brasil. Ser\u00e1 el XXXIII Congresso de la IULTCS (International Union of Leather Technologists and Chemists Societies), entidad mundial presidida actualmente por la argentina Patricia Casey.<\/p>\n<div id=\"attachment_8331\" style=\"width: 230px\" class=\"wp-caption alignright\"><a href=\"http:\/\/c0290214.ferozo.com\/wpnews\/wp-content\/uploads\/2015\/09\/Dra.-Patricia-Casey-presidenta-del-IULTCS.jpg\"><img loading=\"lazy\" decoding=\"async\" aria-describedby=\"caption-attachment-8331\" class=\" wp-image-8331\" src=\"http:\/\/c0290214.ferozo.com\/wpnews\/wp-content\/uploads\/2015\/09\/Dra.-Patricia-Casey-presidenta-del-IULTCS-266x300.jpg\" alt=\"Dra. Patricia Casey, presidenta del IULTCS\" width=\"220\" height=\"248\" srcset=\"http:\/\/cueroamerica.info\/wpnews\/wp-content\/uploads\/2015\/09\/Dra.-Patricia-Casey-presidenta-del-IULTCS-266x300.jpg 266w, http:\/\/cueroamerica.info\/wpnews\/wp-content\/uploads\/2015\/09\/Dra.-Patricia-Casey-presidenta-del-IULTCS.jpg 285w\" sizes=\"auto, (max-width: 220px) 100vw, 220px\" \/><\/a><p id=\"caption-attachment-8331\" class=\"wp-caption-text\">Dra. Patricia Casey, presidenta del IULTCS<\/p><\/div>\n<p>El encuentro se realizar\u00e1 entre los d\u00edas 24 al 27 de noviembre, en la ciudad de Novo Hamburgo, en el estado brasilero de Rio Grande do Sul, y cuenta con el apoyo de APEX Brasil y del CICB, la entidad que agrupa a todas las empresas curtidoras del pa\u00eds.<\/p>\n<p>Entre las empresas del sector productos qu\u00edmicos que van prestigiar el encuentro se pueden mencionar especialmente a Units Sudamericana, Stahl y EGL International, junto a Seta, Tanac, Silva Team, Basf, Buckman, MK, Corium, Atochem, entre otras. Tambi\u00e9n estar\u00e1n apoyando Getti Qu\u00edmica, Tanqu\u00edmica y TFL.<\/p>\n<p>El sector Media Sponsor lo encabeza CueroAm\u00e9rica, junto a Revista do Couro, Tecnicouro y otras importantes publicaciones del sector.<\/p>\n<p>Por su parte, la lista de curtiembres esta encabezada por JBS Couros, junto a A.P. M\u00fcller, AMCM, Cobrasil, Cortume Krumenauer, Couros Bom Retiro, Curtume Natur, Curtume Rusan, FCC y Fuga Couros.<\/p>\n<p>Del evento participar\u00e1n profesionales de empresas de todo el mundo, pero especialmente de los pa\u00edses productores de Am\u00e9rica Latina.<\/p>\n<p>Las inscripciones pueden realizarse en la p\u00e1gina del Congreso: <a title=\"www.iultcs2015.org\" href=\"http:\/\/www.iultcs2015.org\">www.iultcs2015.org<\/a><\/p>\n<div id=\"attachment_8332\" style=\"width: 164px\" class=\"wp-caption alignleft\"><a href=\"http:\/\/c0290214.ferozo.com\/wpnews\/wp-content\/uploads\/2015\/09\/Etevaldo-Zilli-director-ejecutivo-de-ABQTIC_2.jpg\"><img loading=\"lazy\" decoding=\"async\" aria-describedby=\"caption-attachment-8332\" class=\" wp-image-8332\" src=\"http:\/\/c0290214.ferozo.com\/wpnews\/wp-content\/uploads\/2015\/09\/Etevaldo-Zilli-director-ejecutivo-de-ABQTIC_2-243x300.jpg\" alt=\"Etevaldo Zilli director ejecutivo de ABQTIC\" width=\"154\" height=\"190\" srcset=\"http:\/\/cueroamerica.info\/wpnews\/wp-content\/uploads\/2015\/09\/Etevaldo-Zilli-director-ejecutivo-de-ABQTIC_2-243x300.jpg 243w, http:\/\/cueroamerica.info\/wpnews\/wp-content\/uploads\/2015\/09\/Etevaldo-Zilli-director-ejecutivo-de-ABQTIC_2-829x1024.jpg 829w, http:\/\/cueroamerica.info\/wpnews\/wp-content\/uploads\/2015\/09\/Etevaldo-Zilli-director-ejecutivo-de-ABQTIC_2-121x150.jpg 121w, http:\/\/cueroamerica.info\/wpnews\/wp-content\/uploads\/2015\/09\/Etevaldo-Zilli-director-ejecutivo-de-ABQTIC_2.jpg 1040w\" sizes=\"auto, (max-width: 154px) 100vw, 154px\" \/><\/a><p id=\"caption-attachment-8332\" class=\"wp-caption-text\">Etevaldo Zilli director ejecutivo de ABQTIC<\/p><\/div>\n<p>Para el director ejecutivo de ABQTIC (Associa\u00e7\u00e3o Brasileira dos Qu\u00edmicos e T\u00e9cnicos da Ind\u00fastria do Couro), entidad responsable de la organizaci\u00f3n de conferencia en Brasil, Etevaldo Zilli, el Congreso de la IULTCS es siempre un momento \u00fanico de actualizaci\u00f3n para los profesionales y la industria. \u00abEl evento es bianual, por lo tanto, es una chance que se tiene peri\u00f3dicamente estar informado sobre las novedades t\u00e9cnicas y cient\u00edficas del sector\u00bb, sostiene. \u00abPara esta edici\u00f3n, nuestra idea es ofrecer conferencias especiales sobre cuestiones pr\u00e1cticas, vividas en el d\u00eda a d\u00eda de las empresas\u00bb, comenta Etevaldo.<\/p>\n<p>Paralelamente a la conferencia de IULTCS, ser\u00e1n realizados tambi\u00e9n el XIX Flaqtic Congress (Congresso da Federaci\u00f3n Latinoamericana de las Asociaciones de los Qu\u00edmicos y T\u00e9cnicos de la Industria del Cuero) y el XXI ABQTIC National Meeting.<\/p>\n<p>Se puede hallar informaci\u00f3n completa de estas importantes citas y tambi\u00e9n realizar la inscripci\u00f3n a las mismas en la p\u00e1gina: <a title=\"www.iultcs2015.org\" href=\"http:\/\/www.iultcs2015.org\">www.iultcs2015.org<\/a><br \/>\n&nbsp;<\/p>\n<hr \/>\n<p dir=\"ltr\">Para comunicarse con CueroAm\u00e9rica: <span style=\"color: #3366ff;\"><a style=\"color: #3366ff;\" href=\"mailto:contacto@cueroamerica.com\">contacto@cueroamerica.com<\/a><\/span><\/p>\n<table border=\"0\" width=\"480\">\n<tbody>\n<tr>\n<td width=\"171\"><object width=\"300\" height=\"200\" classid=\"clsid:d27cdb6e-ae6d-11cf-96b8-444553540000\" codebase=\"http:\/\/download.macromedia.com\/pub\/shockwave\/cabs\/flash\/swflash.cab#version=6,0,40,0\"><param name=\"quality\" value=\"high\" \/><param name=\"src\" value=\"http:\/\/www.cueroamerica.com.ar\/sponsors\/lanxess_300x200.swf\" \/><param name=\"pluginspage\" value=\"http:\/\/www.macromedia.com\/go\/getflashplayer\" \/><embed width=\"300\" height=\"200\" type=\"application\/x-shockwave-flash\" src=\"http:\/\/www.cueroamerica.com.ar\/sponsors\/lanxess_300x200.swf\" quality=\"high\" pluginspage=\"http:\/\/www.macromedia.com\/go\/getflashplayer\" \/><\/object><\/td>\n<td width=\"171\"><a href=\"http:\/\/www.iultcs2015.org\/\" target=\"_blank\"><img loading=\"lazy\" decoding=\"async\" src=\"http:\/\/cueroamerica.com.ar\/sponsors\/congresoiutcs2015_300X200.jpg\" alt=\"\" width=\"300\" height=\"199\" border=\"0\" \/><\/a><\/td>\n<\/tr>\n<\/tbody>\n<\/table>\n","protected":false},"excerpt":{"rendered":"<p>El XXXIII Congreso de la IULTCS, el mayor evento t\u00e9cnico del sector a nivel mundial que se realizar\u00e1 del 24 al 27 de noviembre en Brasil, dio a conocer los nombres de las empresas clave del sector cuero que ya confirmaron su participaci\u00f3n en \u00e9l. El evento congregar\u00e1 en la ciudad de Novo Hamburgo a [&hellip;]<\/p>\n","protected":false},"author":1,"featured_media":0,"comment_status":"closed","ping_status":"closed","sticky":false,"template":"","format":"standard","meta":{"footnotes":""},"categories":[7,43,68],"tags":[],"class_list":["post-8338","post","type-post","status-publish","format-standard","hentry","category-cuero-y-pieles","category-industrias","category-tecnologia","count-0","even alt","author-","last"],"_links":{"self":[{"href":"http:\/\/cueroamerica.info\/wpnews\/wp-json\/wp\/v2\/posts\/8338","targetHints":{"allow":["GET"]}}],"collection":[{"href":"http:\/\/cueroamerica.info\/wpnews\/wp-json\/wp\/v2\/posts"}],"about":[{"href":"http:\/\/cueroamerica.info\/wpnews\/wp-json\/wp\/v2\/types\/post"}],"author":[{"embeddable":true,"href":"http:\/\/cueroamerica.info\/wpnews\/wp-json\/wp\/v2\/users\/1"}],"replies":[{"embeddable":true,"href":"http:\/\/cueroamerica.info\/wpnews\/wp-json\/wp\/v2\/comments?post=8338"}],"version-history":[{"count":5,"href":"http:\/\/cueroamerica.info\/wpnews\/wp-json\/wp\/v2\/posts\/8338\/revisions"}],"predecessor-version":[{"id":8390,"href":"http:\/\/cueroamerica.info\/wpnews\/wp-json\/wp\/v2\/posts\/8338\/revisions\/8390"}],"wp:attachment":[{"href":"http:\/\/cueroamerica.info\/wpnews\/wp-json\/wp\/v2\/media?parent=8338"}],"wp:term":[{"taxonomy":"category","embeddable":true,"href":"http:\/\/cueroamerica.info\/wpnews\/wp-json\/wp\/v2\/categories?post=8338"},{"taxonomy":"post_tag","embeddable":true,"href":"http:\/\/cueroamerica.info\/wpnews\/wp-json\/wp\/v2\/tags?post=8338"}],"curies":[{"name":"wp","href":"https:\/\/api.w.org\/{rel}","templated":true}]}}