{"id":8363,"date":"2015-09-16T13:42:00","date_gmt":"2015-09-16T13:42:00","guid":{"rendered":"http:\/\/c0290214.ferozo.com\/wpnews\/?p=8363"},"modified":"2015-09-16T14:15:38","modified_gmt":"2015-09-16T14:15:38","slug":"el-calzado-mexicano-puso-en-las-pasarelas-de-sapica-el-brillo-de-la-moda-verano-16","status":"publish","type":"post","link":"http:\/\/cueroamerica.info\/wpnews\/2015\/09\/el-calzado-mexicano-puso-en-las-pasarelas-de-sapica-el-brillo-de-la-moda-verano-16\/","title":{"rendered":"El calzado mexicano puso en las pasarelas de SAPICA el brillo de la moda Verano \u201816"},"content":{"rendered":"<p>En el marco de la reciente edici\u00f3n de SAPICA, el Sal\u00f3n de la Piel y el Calzado de la ciudad de Le\u00f3n, M\u00e9xico, se llevaron a cabo una serie de desfiles que permitieron conocer las propuestas de los fabricantes de M\u00e9xico para la temporada Primavera\/Verano 2016.<\/p>\n<table border=\"0\" width=\"310\">\n<tbody>\n<tr>\n<td width=\"300\"><a href=\"http:\/\/c0290214.ferozo.com\/wpnews\/wp-content\/uploads\/2015\/09\/display-calzado-prensa.jpg\" target=\"_blank\"><img loading=\"lazy\" decoding=\"async\" src=\"http:\/\/c0290214.ferozo.com\/wpnews\/wp-content\/uploads\/2015\/09\/display-calzado-prensa.jpg\" alt=\"\" width=\"300\" height=\"200\" \/><\/a><\/td>\n<td width=\"300\"><a href=\"http:\/\/c0290214.ferozo.com\/wpnews\/wp-content\/uploads\/2015\/09\/calz-mex-01.jpg\" target=\"_blank\"><img loading=\"lazy\" decoding=\"async\" class=\"alignnone\" src=\"http:\/\/c0290214.ferozo.com\/wpnews\/wp-content\/uploads\/2015\/09\/calz-mex-01.jpg\" alt=\"\" width=\"300\" height=\"200\" \/><\/a><\/td>\n<\/tr>\n<\/tbody>\n<\/table>\n<table border=\"0\">\n<tbody>\n<tr>\n<td height=\"250\"><a href=\"http:\/\/c0290214.ferozo.com\/wpnews\/wp-content\/uploads\/2015\/09\/zapatos4.jpg\" target=\"_blank\"><img loading=\"lazy\" decoding=\"async\" class=\"alignnone\" src=\"http:\/\/c0290214.ferozo.com\/wpnews\/wp-content\/uploads\/2015\/09\/zapatos4.jpg\" alt=\"\" width=\"300\" height=\"200\" \/><\/a><\/td>\n<td width=\"300\"><a href=\"http:\/\/c0290214.ferozo.com\/wpnews\/wp-content\/uploads\/2015\/09\/zapatos3.jpg\" target=\"_blank\"><img loading=\"lazy\" decoding=\"async\" src=\"http:\/\/c0290214.ferozo.com\/wpnews\/wp-content\/uploads\/2015\/09\/zapatos3.jpg\" alt=\"\" width=\"300\" height=\"200\" \/><\/a><\/td>\n<\/tr>\n<\/tbody>\n<\/table>\n<table border=\"0\" width=\"310\">\n<tbody>\n<tr>\n<td width=\"300\"><a href=\"http:\/\/c0290214.ferozo.com\/wpnews\/wp-content\/uploads\/2015\/09\/zapatos2.jpg\" target=\"_blank\"><img loading=\"lazy\" decoding=\"async\" class=\"alignnone\" src=\"http:\/\/c0290214.ferozo.com\/wpnews\/wp-content\/uploads\/2015\/09\/zapatos2.jpg\" alt=\"\" width=\"300\" height=\"200\" \/><\/a><\/td>\n<td width=\"300\"><a href=\"http:\/\/c0290214.ferozo.com\/wpnews\/wp-content\/uploads\/2015\/09\/zapatos1.jpg\" target=\"_blank\"><img loading=\"lazy\" decoding=\"async\" src=\"http:\/\/c0290214.ferozo.com\/wpnews\/wp-content\/uploads\/2015\/09\/zapatos1.jpg\" alt=\"\" width=\"300\" height=\"200\" \/><\/a><\/td>\n<\/tr>\n<\/tbody>\n<\/table>\n<table border=\"0\" width=\"310\">\n<tbody>\n<tr>\n<td width=\"300\"><a href=\"http:\/\/c0290214.ferozo.com\/wpnews\/wp-content\/uploads\/2015\/09\/zapatos.jpg\" target=\"_blank\"><img loading=\"lazy\" decoding=\"async\" class=\"alignnone\" src=\"http:\/\/c0290214.ferozo.com\/wpnews\/wp-content\/uploads\/2015\/09\/zapatos.jpg\" alt=\"\" width=\"300\" height=\"200\" \/><\/a><\/td>\n<td width=\"300\"><a href=\"http:\/\/c0290214.ferozo.com\/wpnews\/wp-content\/uploads\/2015\/09\/calz-mex-02.jpg\" target=\"_blank\"><img loading=\"lazy\" decoding=\"async\" src=\"http:\/\/c0290214.ferozo.com\/wpnews\/wp-content\/uploads\/2015\/09\/calz-mex-02.jpg\" alt=\"\" width=\"300\" height=\"200\" \/><\/a><\/td>\n<\/tr>\n<\/tbody>\n<\/table>\n<p>Un informe de prensa de la feria consigna que se dieron a conocer las nuevas colecciones de algunas de las marcas de calzado de importante presencia dentro y fuera de M\u00e9xico. La primer ofrecer sus propuestas fue la firma Boullevard, firma de Le\u00f3n, que present\u00f3 su colecci\u00f3n \u2018Rupert and Bros\u2019. La misma est\u00e1 basada en pedrer\u00eda, tejidos cruzados en hilos met\u00e1licos y herrajes dorados, siendo los colores predominantes el negro, el dorado y el coral. La inspiraci\u00f3n de esta colecci\u00f3n es la tendencia europea \u2018driver\u2019, pero con modificaciones adecuadas al gusto latino.<\/p>\n<table border=\"0\" width=\"300\">\n<tbody>\n<tr>\n<td width=\"300\"><a href=\"http:\/\/c0290214.ferozo.com\/wpnews\/wp-content\/uploads\/2015\/09\/pasarela01.jpg\" target=\"_blank\"><img loading=\"lazy\" decoding=\"async\" class=\"alignnone\" src=\"http:\/\/c0290214.ferozo.com\/wpnews\/wp-content\/uploads\/2015\/09\/pasarela01.jpg\" alt=\"\" width=\"300\" height=\"450\" \/><\/a><\/td>\n<td width=\"300\"><a href=\"http:\/\/c0290214.ferozo.com\/wpnews\/wp-content\/uploads\/2015\/09\/pasarela02.jpg target=\"><img loading=\"lazy\" decoding=\"async\" src=\"http:\/\/c0290214.ferozo.com\/wpnews\/wp-content\/uploads\/2015\/09\/pasarela02.jpg\" alt=\"\" width=\"300\" height=\"450\" \/><\/a><\/td>\n<\/tr>\n<\/tbody>\n<\/table>\n<table border=\"0\" width=\"310\">\n<tbody>\n<tr>\n<td width=\"300\"><a href=\"http:\/\/c0290214.ferozo.com\/wpnews\/wp-content\/uploads\/2015\/09\/pasarela03.jpg\" target=\"_blank\"><img loading=\"lazy\" decoding=\"async\" class=\"alignnone\" src=\"http:\/\/c0290214.ferozo.com\/wpnews\/wp-content\/uploads\/2015\/09\/pasarela03.jpg\" alt=\"\" width=\"300\" height=\"450\" \/><\/a><\/td>\n<td width=\"300\"><a href=\"http:\/\/c0290214.ferozo.com\/wpnews\/wp-content\/uploads\/2015\/09\/pasarela04.jpg\" target=\"_blank\"><img loading=\"lazy\" decoding=\"async\" src=\"http:\/\/c0290214.ferozo.com\/wpnews\/wp-content\/uploads\/2015\/09\/pasarela04.jpg\" alt=\"\" width=\"300\" height=\"450\" \/><\/a><\/td>\n<\/tr>\n<\/tbody>\n<\/table>\n<p>La colecci\u00f3n esta dirigida al mercado de j\u00f3venes de clase media alta, sin dejar de ser una l\u00ednea comercial en cuanto a precio y dise\u00f1o. Es una marca muy bien instalada en el mercado y a sus caracter\u00edsticas de consumo.<\/p>\n<p>Luego se vieron los productos de la firma deportiva mexicana GARCIS, presentando la temporada oto\u00f1o-invierno, con la muestra de cuatro marcas del grupo. Estas, aunque tienen un periodo para salir al mercado, son de toque atemporal con aspectos generales b\u00e1sicos para cualquier periodo del a\u00f1o. La inspiraci\u00f3n de esta colecci\u00f3n son las tendencias que rigen las marcas internacionales y las cuales vienen desde Nueva York, siendo su mercado el de personas con muy diversos estilos de vida.<\/p>\n<table border=\"0\" width=\"310\">\n<tbody>\n<tr>\n<td width=\"300\"><a href=\"http:\/\/c0290214.ferozo.com\/wpnews\/wp-content\/uploads\/2015\/09\/pasarela-boulluvard.jpg\" target=\"_blank\"><img loading=\"lazy\" decoding=\"async\" class=\"alignnone\" src=\"http:\/\/c0290214.ferozo.com\/wpnews\/wp-content\/uploads\/2015\/09\/pasarela-boulluvard.jpg\" alt=\"\" width=\"300\" height=\"450\" \/><\/a><\/td>\n<td width=\"300\"><a href=\"http:\/\/c0290214.ferozo.com\/wpnews\/wp-content\/uploads\/2015\/09\/pasarela-garcis.jpg\" target=\"_blank\"><img loading=\"lazy\" decoding=\"async\" src=\"http:\/\/c0290214.ferozo.com\/wpnews\/wp-content\/uploads\/2015\/09\/pasarela-garcis.jpg\" alt=\"\" width=\"300\" height=\"450\" \/><\/a><\/td>\n<\/tr>\n<\/tbody>\n<\/table>\n<p>Las marcas se orientan en una m\u00e1s casual, otra de skateboards, otra es m\u00e1s deportiva y la cuarta marca es de botines. En cuanto a los materiales \u00e9stos dependen de la marca, pero predomina la lona, as\u00ed como materiales en piel y sint\u00e9tico con productos que estar\u00e1n a la venta cuanto antes, asegura David Garc\u00eda, director comercial y de dise\u00f1o de la firma.<\/p>\n<table border=\"0\" width=\"310\">\n<tbody>\n<tr>\n<td width=\"300\"><a href=\"http:\/\/c0290214.ferozo.com\/wpnews\/wp-content\/uploads\/2015\/09\/pasarela-paruno.jpg\" target=\"_blank\"><img loading=\"lazy\" decoding=\"async\" class=\"alignnone\" src=\"http:\/\/c0290214.ferozo.com\/wpnews\/wp-content\/uploads\/2015\/09\/pasarela-paruno.jpg\" alt=\"\" width=\"300\" height=\"450\" \/><\/a><\/td>\n<td width=\"300\"><a href=\"http:\/\/c0290214.ferozo.com\/wpnews\/wp-content\/uploads\/2015\/09\/pasarela-playboy-shoes1.jpg\" target=\"_blank\"><img loading=\"lazy\" decoding=\"async\" src=\"http:\/\/c0290214.ferozo.com\/wpnews\/wp-content\/uploads\/2015\/09\/pasarela-playboy-shoes1.jpg\" alt=\"\" width=\"300\" height=\"450\" \/><\/a><\/td>\n<\/tr>\n<\/tbody>\n<\/table>\n<p>Estuvo tambi\u00e9n la marca Paruno, bajo la coordinaci\u00f3n comercial de Sergio Garc\u00eda, con una colecci\u00f3n inspirada en dise\u00f1os atrevidos sin perder el toque comercial, ya que \u201cel mercado mexicano est\u00e1 cada vez m\u00e1s abierto a ponerse zapatos con suelas de colores, forros con estampados de colores, as\u00ed como agujetas de una gran gama de tonos\u201d, asegura la empresa.<\/p>\n<div id=\"attachment_8345\" style=\"width: 230px\" class=\"wp-caption alignright\"><a href=\"http:\/\/c0290214.ferozo.com\/wpnews\/wp-content\/uploads\/2015\/09\/dis-jannette-klein.jpg\"><img loading=\"lazy\" decoding=\"async\" aria-describedby=\"caption-attachment-8345\" class=\"wp-image-8345\" src=\"http:\/\/c0290214.ferozo.com\/wpnews\/wp-content\/uploads\/2015\/09\/dis-jannette-klein-300x200.jpg\" alt=\"\" width=\"220\" height=\"148\" \/><\/a><p id=\"caption-attachment-8345\" class=\"wp-caption-text\">Dise\u00f1adores Jannette Klein<\/p><\/div>\n<p>La inspiraci\u00f3n de esta colecci\u00f3n viene de las naciones europeas, y va dirigida hacia un mercado que sabe distinguir la moda, el dise\u00f1o y la calidad, pero que al mismo tiempo se siente orgulloso de las formas y la identidad del dise\u00f1o mexicano. \u201cQueremos romper con esas barreras \u2018malinchistas\u2019 en las que prefieran tener una marca internacional a una nacional. Buscamos que la gente cuando use Paruno se sienta orgullosa de que es una marca mexicana\u201d dijo Garc\u00eda.<\/p>\n<p>En la pasarela se vio un calzado en su totalidad de piel, de camale\u00f3n y algunas gamuzas. En esta temporada la marca puso de relieve el confort y se utilizaron plantillas suaves que ayudan a que a la hora de pisar se sienta bien muy c\u00f3modo.<\/p>\n<div id=\"attachment_8349\" style=\"width: 250px\" class=\"wp-caption alignleft\"><a href=\"http:\/\/c0290214.ferozo.com\/wpnews\/wp-content\/uploads\/2015\/09\/jannette-klein-sapica.jpg\"><img loading=\"lazy\" decoding=\"async\" aria-describedby=\"caption-attachment-8349\" class=\" wp-image-8349\" src=\"http:\/\/c0290214.ferozo.com\/wpnews\/wp-content\/uploads\/2015\/09\/jannette-klein-sapica-300x209.jpg\" alt=\"Jannette Klein\" width=\"240\" height=\"167\" srcset=\"http:\/\/cueroamerica.info\/wpnews\/wp-content\/uploads\/2015\/09\/jannette-klein-sapica-300x209.jpg 300w, http:\/\/cueroamerica.info\/wpnews\/wp-content\/uploads\/2015\/09\/jannette-klein-sapica-1024x713.jpg 1024w, http:\/\/cueroamerica.info\/wpnews\/wp-content\/uploads\/2015\/09\/jannette-klein-sapica-150x104.jpg 150w, http:\/\/cueroamerica.info\/wpnews\/wp-content\/uploads\/2015\/09\/jannette-klein-sapica.jpg 1134w\" sizes=\"auto, (max-width: 240px) 100vw, 240px\" \/><\/a><p id=\"caption-attachment-8349\" class=\"wp-caption-text\">Jannette Klein<\/p><\/div>\n<p>Cabe destacar que por tercera vez se presentaron los trabajos de alumnos de la escuela Jannette Klein. Esta es producto de la colaboraci\u00f3n con Prospectamoda de CICEG, para obtener colecciones integrales vestido-calzado que permiten amalgamar conceptos de dise\u00f1o completos.<\/p>\n<p>La se\u00f1ora Jannette Klein, directora de la escuela, agradeci\u00f3 por su parte la colaboraci\u00f3n con la industria mexicana del calzado y dijo que \u00e9ste acuerdo representa un importante impulso entre el dise\u00f1o y la industria, aspecto tan necesario para la viabilidad de la industria de la moda en M\u00e9xico para los pr\u00f3ximos a\u00f1os.<br \/>\n&nbsp;<\/p>\n<hr \/>\n<p dir=\"ltr\">Para comunicarse con CueroAm\u00e9rica: <span style=\"color: #3366ff;\"><a style=\"color: #3366ff;\" href=\"mailto:contacto@cueroamerica.com\">contacto@cueroamerica.com<\/a><\/span><\/p>\n<table border=\"0\" width=\"480\">\n<tbody>\n<tr>\n<td width=\"171\"><object width=\"300\" height=\"200\" classid=\"clsid:d27cdb6e-ae6d-11cf-96b8-444553540000\" codebase=\"http:\/\/download.macromedia.com\/pub\/shockwave\/cabs\/flash\/swflash.cab#version=6,0,40,0\"><param name=\"quality\" value=\"high\" \/><param name=\"src\" value=\"http:\/\/www.cueroamerica.com.ar\/sponsors\/lanxess_300x200.swf\" \/><param name=\"pluginspage\" value=\"http:\/\/www.macromedia.com\/go\/getflashplayer\" \/><embed width=\"300\" height=\"200\" type=\"application\/x-shockwave-flash\" src=\"http:\/\/www.cueroamerica.com.ar\/sponsors\/lanxess_300x200.swf\" quality=\"high\" pluginspage=\"http:\/\/www.macromedia.com\/go\/getflashplayer\" \/><\/object><\/td>\n<td width=\"171\"><a href=\"http:\/\/www.gds-online.com\/\" target=\"_blank\"><img loading=\"lazy\" decoding=\"async\" src=\"\/img\/gds_300x200.jpg\" alt=\"\" width=\"300\" height=\"200\" \/><\/a><\/td>\n<\/tr>\n<\/tbody>\n<\/table>\n","protected":false},"excerpt":{"rendered":"<p>En el marco de la reciente edici\u00f3n de SAPICA, el Sal\u00f3n de la Piel y el Calzado de la ciudad de Le\u00f3n, M\u00e9xico, se llevaron a cabo una serie de desfiles que permitieron conocer las propuestas de los fabricantes de M\u00e9xico para la temporada Primavera\/Verano 2016. Un informe de prensa de la feria consigna que [&hellip;]<\/p>\n","protected":false},"author":1,"featured_media":0,"comment_status":"closed","ping_status":"closed","sticky":false,"template":"","format":"standard","meta":{"footnotes":""},"categories":[77,61],"tags":[],"class_list":["post-8363","post","type-post","status-publish","format-standard","hentry","category-moda","category-noticias-de-america-latina","count-0","even alt","author-","last"],"_links":{"self":[{"href":"http:\/\/cueroamerica.info\/wpnews\/wp-json\/wp\/v2\/posts\/8363","targetHints":{"allow":["GET"]}}],"collection":[{"href":"http:\/\/cueroamerica.info\/wpnews\/wp-json\/wp\/v2\/posts"}],"about":[{"href":"http:\/\/cueroamerica.info\/wpnews\/wp-json\/wp\/v2\/types\/post"}],"author":[{"embeddable":true,"href":"http:\/\/cueroamerica.info\/wpnews\/wp-json\/wp\/v2\/users\/1"}],"replies":[{"embeddable":true,"href":"http:\/\/cueroamerica.info\/wpnews\/wp-json\/wp\/v2\/comments?post=8363"}],"version-history":[{"count":9,"href":"http:\/\/cueroamerica.info\/wpnews\/wp-json\/wp\/v2\/posts\/8363\/revisions"}],"predecessor-version":[{"id":8385,"href":"http:\/\/cueroamerica.info\/wpnews\/wp-json\/wp\/v2\/posts\/8363\/revisions\/8385"}],"wp:attachment":[{"href":"http:\/\/cueroamerica.info\/wpnews\/wp-json\/wp\/v2\/media?parent=8363"}],"wp:term":[{"taxonomy":"category","embeddable":true,"href":"http:\/\/cueroamerica.info\/wpnews\/wp-json\/wp\/v2\/categories?post=8363"},{"taxonomy":"post_tag","embeddable":true,"href":"http:\/\/cueroamerica.info\/wpnews\/wp-json\/wp\/v2\/tags?post=8363"}],"curies":[{"name":"wp","href":"https:\/\/api.w.org\/{rel}","templated":true}]}}