{"id":9028,"date":"2016-03-16T13:20:54","date_gmt":"2016-03-16T13:20:54","guid":{"rendered":"http:\/\/c0290214.ferozo.com\/wpnews\/?p=9028"},"modified":"2016-03-16T16:30:23","modified_gmt":"2016-03-16T16:30:23","slug":"problemas-para-el-cuero-de-ecuador-por-el-auge-del-uso-de-sintetico-en-las-capelladas","status":"publish","type":"post","link":"http:\/\/cueroamerica.info\/wpnews\/2016\/03\/problemas-para-el-cuero-de-ecuador-por-el-auge-del-uso-de-sintetico-en-las-capelladas\/","title":{"rendered":"Problemas para el cuero de Ecuador por el auge del uso de sint\u00e9tico en las capelladas"},"content":{"rendered":"<div id=\"attachment_9029\" style=\"width: 240px\" class=\"wp-caption alignright\"><a href=\"http:\/\/c0290214.ferozo.com\/wpnews\/wp-content\/uploads\/2016\/03\/F\u00e1brica-de-calzado-en-Ecuador_5.jpg\"><img loading=\"lazy\" decoding=\"async\" aria-describedby=\"caption-attachment-9029\" class=\" wp-image-9029\" src=\"http:\/\/c0290214.ferozo.com\/wpnews\/wp-content\/uploads\/2016\/03\/F\u00e1brica-de-calzado-en-Ecuador_5-300x213.jpg\" alt=\"F\u00e1brica de calzado en Ecuador\" width=\"230\" height=\"163\" srcset=\"http:\/\/cueroamerica.info\/wpnews\/wp-content\/uploads\/2016\/03\/F\u00e1brica-de-calzado-en-Ecuador_5-300x213.jpg 300w, http:\/\/cueroamerica.info\/wpnews\/wp-content\/uploads\/2016\/03\/F\u00e1brica-de-calzado-en-Ecuador_5.jpg 620w\" sizes=\"auto, (max-width: 230px) 100vw, 230px\" \/><\/a><p id=\"caption-attachment-9029\" class=\"wp-caption-text\">F\u00e1brica de calzado en Ecuador<\/p><\/div>\n<p>Los curtidores en la provincia ecuatoriana de Tungurahua han reconocido una situaci\u00f3n cr\u00edtica para el sector a partir de mediados del 2015. Inicialmente por un gran ingreso de calzado importado y tambi\u00e9n por la necesidad de la industria local de cambiar el cuero por sint\u00e9tico en las capelladas, para intentar competir.<\/p>\n<p>Una fuerte importaci\u00f3n de calzado, en su mayor parte con capellada sint\u00e9tica, esta lesionando a la industria del cuero y la manufacturera de Ecuador. El calzado llega esencialmente de China y produjo en los \u00faltimos meses en la industria curtidora una ca\u00edda del 50% en las ventas y una reducci\u00f3n del 15% en el n\u00famero de puestos de trabajo que ocupaba el sector.<\/p>\n<p>Seg\u00fan empresarios del sector, las ventas comenzaron a declinar despu\u00e9s del segundo trimestre de 2015. En ese per\u00edodo comenz\u00f3 a ingresar en Ecuador un volumen sin precedentes de calzado importado, desde China, Brasil, Per\u00fa, Colombia y otros pa\u00edses.<\/p>\n<p>Para los empresarios el aspecto m\u00e1s preocupante de este proceso fue que la mayor\u00eda de los zapatos que llegan en el mercado ecuatoriano tienen capellada sint\u00e9tica. Esto motiv\u00f3 que los muchos productores locales decidieran dejar de usar cuero para intentar competir y permanecer en el mercado.<br \/>\n&#8212;&#8212;&#8212;&#8212;&#8212;&#8212;&#8212;&#8212;&#8212;&#8212;&#8212;&#8212;<br \/>\nLeatherbiz \/ CueroAm\u00e9rica<\/p>\n<p dir=\"ltr\">\u2014\u2014\u2014\u2014\u2014\u2014\u2014\u2014\u2014\u2014\u2014\u2014\u2014\u2014\u2014\u2014\u2014\u2014\u2014\u2014\u2014\u2014\u2014\u2014\u2014\u2014\u2014\u2014\u2014\u2014\u2014\u2014\u2014\u2014\u2014\u2014\u2014\u2014\u2014\u2014\u2014\u2014\u2014\u2014<\/p>\n<p dir=\"ltr\">Para comunicarse con CueroAm\u00e9rica: <span style=\"color: #3366ff;\"><a style=\"color: #3366ff;\" href=\"mailto:contacto@cueroamerica.com\">contacto@cueroamerica.com<\/a><\/span><\/p>\n<table border=\"0\" width=\"460\">\n<tbody>\n<tr>\n<td width=\"300\"><a href=\"http:\/\/www.cueroamerica.com.ar\/sponsors\/dfsudamericana\/\" target=\"_blank\"><img loading=\"lazy\" decoding=\"async\" src=\"http:\/\/www.cueroamerica.com.ar\/sponsors\/dfsudbanner_300x200.jpg\" alt=\"\" width=\"300\" height=\"200\" border=\"0\" \/><\/a><\/td>\n<td width=\"171\"><a href=\"http:\/\/laferiadeamerica.com\/esp\/\" target=\"_blank\"><img loading=\"lazy\" decoding=\"async\" src=\"\/img\/publicidad\/banner-web-feria.jpg\" alt=\"\" width=\"300\" height=\"200\" border=\"0\"><\/a><\/p>\n<hr size=\"1\" color=\"#d20000\" noshade=\"noshade\" \/>\n<\/td>\n<\/tr>\n<\/tbody>\n<\/table>\n","protected":false},"excerpt":{"rendered":"<p>Los curtidores en la provincia ecuatoriana de Tungurahua han reconocido una situaci\u00f3n cr\u00edtica para el sector a partir de mediados del 2015. Inicialmente por un gran ingreso de calzado importado y tambi\u00e9n por la necesidad de la industria local de cambiar el cuero por sint\u00e9tico en las capelladas, para intentar competir. Una fuerte importaci\u00f3n de [&hellip;]<\/p>\n","protected":false},"author":1,"featured_media":0,"comment_status":"closed","ping_status":"closed","sticky":false,"template":"","format":"standard","meta":{"footnotes":""},"categories":[43,61],"tags":[],"class_list":["post-9028","post","type-post","status-publish","format-standard","hentry","category-industrias","category-noticias-de-america-latina","count-0","even alt","author-","last"],"_links":{"self":[{"href":"http:\/\/cueroamerica.info\/wpnews\/wp-json\/wp\/v2\/posts\/9028","targetHints":{"allow":["GET"]}}],"collection":[{"href":"http:\/\/cueroamerica.info\/wpnews\/wp-json\/wp\/v2\/posts"}],"about":[{"href":"http:\/\/cueroamerica.info\/wpnews\/wp-json\/wp\/v2\/types\/post"}],"author":[{"embeddable":true,"href":"http:\/\/cueroamerica.info\/wpnews\/wp-json\/wp\/v2\/users\/1"}],"replies":[{"embeddable":true,"href":"http:\/\/cueroamerica.info\/wpnews\/wp-json\/wp\/v2\/comments?post=9028"}],"version-history":[{"count":3,"href":"http:\/\/cueroamerica.info\/wpnews\/wp-json\/wp\/v2\/posts\/9028\/revisions"}],"predecessor-version":[{"id":9068,"href":"http:\/\/cueroamerica.info\/wpnews\/wp-json\/wp\/v2\/posts\/9028\/revisions\/9068"}],"wp:attachment":[{"href":"http:\/\/cueroamerica.info\/wpnews\/wp-json\/wp\/v2\/media?parent=9028"}],"wp:term":[{"taxonomy":"category","embeddable":true,"href":"http:\/\/cueroamerica.info\/wpnews\/wp-json\/wp\/v2\/categories?post=9028"},{"taxonomy":"post_tag","embeddable":true,"href":"http:\/\/cueroamerica.info\/wpnews\/wp-json\/wp\/v2\/tags?post=9028"}],"curies":[{"name":"wp","href":"https:\/\/api.w.org\/{rel}","templated":true}]}}