{"id":9424,"date":"2016-06-06T20:35:24","date_gmt":"2016-06-06T20:35:24","guid":{"rendered":"http:\/\/c0290214.ferozo.com\/wpnews\/?p=9424"},"modified":"2016-06-06T20:35:24","modified_gmt":"2016-06-06T20:35:24","slug":"inspiramais-presenta-la-moda-brasilera-2017-y-aporta-ideas-al-desarrollo-de-los-productos","status":"publish","type":"post","link":"http:\/\/cueroamerica.info\/wpnews\/2016\/06\/inspiramais-presenta-la-moda-brasilera-2017-y-aporta-ideas-al-desarrollo-de-los-productos\/","title":{"rendered":"Inspiramais presenta la moda brasilera 2017 y aporta ideas al desarrollo de los productos"},"content":{"rendered":"<p><a href=\"http:\/\/c0290214.ferozo.com\/wpnews\/wp-content\/uploads\/2016\/06\/Inspiramais.jpg\"><img loading=\"lazy\" decoding=\"async\" class=\"alignleft  wp-image-9423\" src=\"http:\/\/c0290214.ferozo.com\/wpnews\/wp-content\/uploads\/2016\/06\/Inspiramais-300x199.jpg\" alt=\"Inspiramais\" width=\"228\" height=\"151\" srcset=\"http:\/\/cueroamerica.info\/wpnews\/wp-content\/uploads\/2016\/06\/Inspiramais-300x199.jpg 300w, http:\/\/cueroamerica.info\/wpnews\/wp-content\/uploads\/2016\/06\/Inspiramais.jpg 750w\" sizes=\"auto, (max-width: 228px) 100vw, 228px\" \/><\/a>El sal\u00f3n Inspiramais se realizar\u00e1 del 27 y 28 de junio y en su 14\u00aa edici\u00f3n presentar\u00e1 las propuestas para el invierno 2017. El evento, que se realiza en la ciudad de S\u00e3o Paulo, es una de las principales fuentes de informaci\u00f3n para la cadena productiva de la moda de Am\u00e9rica latina. Lo organizan las entidades empresarias del sector componentes (Assintecal) y curtido (CICB).<\/p>\n<p>Inspiramais \u2013 Sal\u00f3n de Dise\u00f1o e Innovaci\u00f3n de Materiales, el mayor evento del sector de materiales para moda, tendr\u00e1 su 14\u00aa edici\u00f3n del 27 y 28 de junio, tendr\u00e1 casa nueva: el Centro de Eventos Pro Magno (Rua Samarit\u00e1, 230 &#8211; Casa Verde, S\u00e3o Paulo).<\/p>\n<p><a href=\"http:\/\/c0290214.ferozo.com\/wpnews\/wp-content\/uploads\/2016\/06\/INSPIRAMAIS4.jpg\"><img loading=\"lazy\" decoding=\"async\" class=\"alignright  wp-image-9422\" src=\"http:\/\/c0290214.ferozo.com\/wpnews\/wp-content\/uploads\/2016\/06\/INSPIRAMAIS4-300x200.jpg\" alt=\"INSPIRAMAIS4\" width=\"222\" height=\"148\" srcset=\"http:\/\/cueroamerica.info\/wpnews\/wp-content\/uploads\/2016\/06\/INSPIRAMAIS4-300x200.jpg 300w, http:\/\/cueroamerica.info\/wpnews\/wp-content\/uploads\/2016\/06\/INSPIRAMAIS4.jpg 500w\" sizes=\"auto, (max-width: 222px) 100vw, 222px\" \/><\/a>El evento recibir\u00e1 visitantes de todo Brasil y de diversas partes del mundo, que podr\u00e1n conocer de primera mano todos los lanzamientos de materiales para calzados, carteras, prendas de vestir y muebles para el Invierno 2017. Tambi\u00e9n habr\u00e1 lugar para anticipos del Verano 2018, mediante los proyectos Preview del Cuero, Referencias Brasile\u00f1as y +Estampados.<\/p>\n<p>Los organizadores destacan que la transversalidad del Sal\u00f3n busca en el nuevo espacio ofrecer m\u00e1s comodidad a su p\u00fablico, adem\u00e1s de posibilidades para aumentar el n\u00famero de expositores y visitantes y tambi\u00e9n traer distintas visiones a la exposici\u00f3n de los proyectos. \u201cPorque Inspiramais agrega innovaci\u00f3n por medio del dise\u00f1o, de la tecnolog\u00eda y de la sostenibilidad, adem\u00e1s de ayudar a las empresas de una forma global, desde la investigaci\u00f3n conceptual hasta la comercializaci\u00f3n de los productos\u201d, puntualizan.<\/p>\n<div id=\"attachment_9419\" style=\"width: 160px\" class=\"wp-caption alignleft\"><a href=\"http:\/\/c0290214.ferozo.com\/wpnews\/wp-content\/uploads\/2016\/06\/Ilse-Guimaraes-es-superintendente-de-ASSINTECAL-.jpg\"><img loading=\"lazy\" decoding=\"async\" aria-describedby=\"caption-attachment-9419\" class=\" wp-image-9419\" src=\"http:\/\/c0290214.ferozo.com\/wpnews\/wp-content\/uploads\/2016\/06\/Ilse-Guimaraes-es-superintendente-de-ASSINTECAL--225x300.jpg\" alt=\"Ilse Guimaraes es superintendente de ASSINTECAL\" width=\"150\" height=\"200\" srcset=\"http:\/\/cueroamerica.info\/wpnews\/wp-content\/uploads\/2016\/06\/Ilse-Guimaraes-es-superintendente-de-ASSINTECAL--225x300.jpg 225w, http:\/\/cueroamerica.info\/wpnews\/wp-content\/uploads\/2016\/06\/Ilse-Guimaraes-es-superintendente-de-ASSINTECAL-.jpg 588w\" sizes=\"auto, (max-width: 150px) 100vw, 150px\" \/><\/a><p id=\"caption-attachment-9419\" class=\"wp-caption-text\">Ilse Guimaraes es superintendente de ASSINTECAL<\/p><\/div>\n<p>Inspiramais se reealiza en el marco de una serie de proyectos que contribuyen no s\u00f3lo al desarrollo del concepto de una moda genuinamente brasile\u00f1a, sino tambi\u00e9n a los negocios del sector, tanto en el mercado interno como externo. Algunos de sus proyectos son el Foro de Inspiraciones, Proyecto Comprador, Mix by Brasil, Saberes Manuales y Ecodesign.<\/p>\n<p>El evento lo realizan la Asociaci\u00f3n Brasile\u00f1a de Empresas de Componentes para Cuero, Calzado y Manufacturas (Assintecal), Footwear Components by Brasil, Centro de las Industrias de Curtiembres de Brasil (CICB) y Brazilian Leather. \u201cRealizamos Inspiramais desde hace 14 ediciones y, para Assintecal, esto significa la consolidaci\u00f3n del Sal\u00f3n y la aceptaci\u00f3n por parte del p\u00fablico vinculado al sector de la moda\u201d, dijo Milton Killing, presidente de Assintecal. \u201cLa perdurabilidad de Inspitamais es un term\u00f3metro de que estamos yendo en la direcci\u00f3n correcta y de que nuestros proyectos est\u00e1n realmente ayudando a la cadena productiva\u201d, subray\u00f3 el presidente.<\/p>\n<div id=\"attachment_9420\" style=\"width: 238px\" class=\"wp-caption alignright\"><a href=\"http:\/\/c0290214.ferozo.com\/wpnews\/wp-content\/uploads\/2016\/06\/El-talentoso-estilista-y-dise\u00f1ador-Walter-Rodriguez-consuce-la-investigaci\u00f3n-y-propuestas-de-cada-temporada-que-propone-Inspiramais-e1465245202187.jpg\"><img loading=\"lazy\" decoding=\"async\" aria-describedby=\"caption-attachment-9420\" class=\"wp-image-9420 \" src=\"http:\/\/c0290214.ferozo.com\/wpnews\/wp-content\/uploads\/2016\/06\/El-talentoso-estilista-y-dise\u00f1ador-Walter-Rodriguez-consuce-la-investigaci\u00f3n-y-propuestas-de-cada-temporada-que-propone-Inspiramais-e1465245202187-300x225.jpg\" alt=\"El talentoso estilista y dise\u00f1ador Walter Rodriguez consuce la investigaci\u00f3n y propuestas de cada temporada que propone Inspiramais\" width=\"228\" height=\"171\" srcset=\"http:\/\/cueroamerica.info\/wpnews\/wp-content\/uploads\/2016\/06\/El-talentoso-estilista-y-dise\u00f1ador-Walter-Rodriguez-consuce-la-investigaci\u00f3n-y-propuestas-de-cada-temporada-que-propone-Inspiramais-e1465245202187-300x225.jpg 300w, http:\/\/cueroamerica.info\/wpnews\/wp-content\/uploads\/2016\/06\/El-talentoso-estilista-y-dise\u00f1ador-Walter-Rodriguez-consuce-la-investigaci\u00f3n-y-propuestas-de-cada-temporada-que-propone-Inspiramais-e1465245202187-768x577.jpg 768w, http:\/\/cueroamerica.info\/wpnews\/wp-content\/uploads\/2016\/06\/El-talentoso-estilista-y-dise\u00f1ador-Walter-Rodriguez-consuce-la-investigaci\u00f3n-y-propuestas-de-cada-temporada-que-propone-Inspiramais-e1465245202187.jpg 783w\" sizes=\"auto, (max-width: 228px) 100vw, 228px\" \/><\/a><p id=\"caption-attachment-9420\" class=\"wp-caption-text\">El talentoso estilista y dise\u00f1ador Walter Rodriguez consuce la investigaci\u00f3n y propuestas de cada temporada que propone Inspiramais<\/p><\/div>\n<p>Al frente de todas las investigaciones de moda est\u00e1 el Centro de Dise\u00f1o de Assintecal, coordinado por el talentoso dise\u00f1ador Walter Rodrigues. \u201cPara el Invierno 2017, subrayamos la fuerza de lo colectivo, indicamos una inspiraci\u00f3n fuerte para sentimientos que est\u00e1n a flor de piel, independientemente de cu\u00e1l sea su color. Hemos elegido tonalidades vibrantes para encantar y dar vida a los productos y festejamos la idea de moda como una fuerza aglutinadora para una industria m\u00e1s fuerte y m\u00e1s activa, capaz de entender su posici\u00f3n en la estructura de la cadena productiva de la moda y enorgullecerse de eso\u201d, define Rodrigues.<\/p>\n<p>El Sal\u00f3n Inspiramais se lleva a cabo en la misma semana de Francal, la Feria Internacional de la Moda en Calzados y Accesorios. S\u00e3o Paulo ser\u00e1 el centro de negocios del sector de moda y dise\u00f1o, involucrando sectores como calzados, carteras, accesorios de moda y confecciones. \u00c9ste ser\u00e1 el momento en que los fabricantes interesados en moda y en buenos negocios tendr\u00e1n el primer contacto con las novedades desarrolladas por la industria brasile\u00f1a de componentes para la pr\u00f3xima estaci\u00f3n.<\/p>\n<p><a href=\"http:\/\/c0290214.ferozo.com\/wpnews\/wp-content\/uploads\/2016\/06\/vga-inspiramais.jpg\"><img loading=\"lazy\" decoding=\"async\" class=\"alignleft  wp-image-9421\" src=\"http:\/\/c0290214.ferozo.com\/wpnews\/wp-content\/uploads\/2016\/06\/vga-inspiramais-300x200.jpg\" alt=\"vga-inspiramais\" width=\"198\" height=\"132\" srcset=\"http:\/\/cueroamerica.info\/wpnews\/wp-content\/uploads\/2016\/06\/vga-inspiramais-300x200.jpg 300w, http:\/\/cueroamerica.info\/wpnews\/wp-content\/uploads\/2016\/06\/vga-inspiramais.jpg 600w\" sizes=\"auto, (max-width: 198px) 100vw, 198px\" \/><\/a>Inspiramais tiene el apoyo de la Asociaci\u00f3n Brasile\u00f1a de las Industrias de Calzados (Abical\u00e7ados), Asociaci\u00f3n Brasile\u00f1a de los Dise\u00f1adores de Moda (Abest), Asociaci\u00f3n Brasile\u00f1a de las Industrias de Marroquiner\u00eda y Art\u00edculos para Viaje (Abiacav), Asociaci\u00f3n Brasile\u00f1a de la Industria Textil y de la Confecci\u00f3n (Abit), Programa de Exportaci\u00f3n de la Industria de Moda Brasile\u00f1a (TexBrasil), Instituto Brasile\u00f1o de Gemas y Metales Preciosos (IBGM), Instituto Nacional de Moda y Dise\u00f1o (In-Mod), Instituto By Brasil (IBB), Gobierno Municipal de S\u00e3o Paulo y Global Fair.<\/p>\n<p dir=\"ltr\">\u2014\u2014\u2014\u2014\u2014\u2014\u2014\u2014\u2014\u2014\u2014\u2014\u2014\u2014\u2014\u2014\u2014\u2014\u2014\u2014\u2014\u2014\u2014\u2014\u2014\u2014\u2014\u2014\u2014\u2014\u2014\u2014\u2014\u2014\u2014\u2014\u2014\u2014\u2014\u2014\u2014\u2014\u2014\u2014<\/p>\n<p dir=\"ltr\">Para comunicarse con CueroAm\u00e9rica: <span style=\"color: #3366ff;\"><a style=\"color: #3366ff;\" href=\"mailto:contacto@cueroamerica.com\">contacto@cueroamerica.com<\/a><\/span><\/p>\n<table border=\"0\" width=\"460\">\n<tbody>\n<tr>\n<td width=\"300\"><a href=\"http:\/\/www.francal.com.br\" target=\"_blank\"><img loading=\"lazy\" decoding=\"async\" src=\"\/img\/publicidad\/bnn_francal2016_300x200_esp.jpg\" width=\"300\" height=\"200\" \/><\/a><\/td>\n<td width=\"171\">        <a href=\"http:\/\/www.tecnicaquimica.com.ar\"><img loading=\"lazy\" decoding=\"async\" src=\"http:\/\/www.cueroamerica.com.ar\/sponsors\/tqa-banner-02.gif\" alt=\"\" width=\"300\" height=\"200\" border=\"0\" \/><\/a>\n<\/td>\n<\/tr>\n<\/tbody>\n<\/table>\n","protected":false},"excerpt":{"rendered":"<p>El sal\u00f3n Inspiramais se realizar\u00e1 del 27 y 28 de junio y en su 14\u00aa edici\u00f3n presentar\u00e1 las propuestas para el invierno 2017. El evento, que se realiza en la ciudad de S\u00e3o Paulo, es una de las principales fuentes de informaci\u00f3n para la cadena productiva de la moda de Am\u00e9rica latina. Lo organizan las [&hellip;]<\/p>\n","protected":false},"author":1,"featured_media":0,"comment_status":"closed","ping_status":"closed","sticky":false,"template":"","format":"standard","meta":{"footnotes":""},"categories":[60,77],"tags":[],"class_list":["post-9424","post","type-post","status-publish","format-standard","hentry","category-ferias","category-moda","count-0","even alt","author-","last"],"_links":{"self":[{"href":"http:\/\/cueroamerica.info\/wpnews\/wp-json\/wp\/v2\/posts\/9424","targetHints":{"allow":["GET"]}}],"collection":[{"href":"http:\/\/cueroamerica.info\/wpnews\/wp-json\/wp\/v2\/posts"}],"about":[{"href":"http:\/\/cueroamerica.info\/wpnews\/wp-json\/wp\/v2\/types\/post"}],"author":[{"embeddable":true,"href":"http:\/\/cueroamerica.info\/wpnews\/wp-json\/wp\/v2\/users\/1"}],"replies":[{"embeddable":true,"href":"http:\/\/cueroamerica.info\/wpnews\/wp-json\/wp\/v2\/comments?post=9424"}],"version-history":[{"count":3,"href":"http:\/\/cueroamerica.info\/wpnews\/wp-json\/wp\/v2\/posts\/9424\/revisions"}],"predecessor-version":[{"id":9427,"href":"http:\/\/cueroamerica.info\/wpnews\/wp-json\/wp\/v2\/posts\/9424\/revisions\/9427"}],"wp:attachment":[{"href":"http:\/\/cueroamerica.info\/wpnews\/wp-json\/wp\/v2\/media?parent=9424"}],"wp:term":[{"taxonomy":"category","embeddable":true,"href":"http:\/\/cueroamerica.info\/wpnews\/wp-json\/wp\/v2\/categories?post=9424"},{"taxonomy":"post_tag","embeddable":true,"href":"http:\/\/cueroamerica.info\/wpnews\/wp-json\/wp\/v2\/tags?post=9424"}],"curies":[{"name":"wp","href":"https:\/\/api.w.org\/{rel}","templated":true}]}}